{"id":10739,"date":"2023-11-26T10:45:58","date_gmt":"2023-11-26T09:45:58","guid":{"rendered":"https:\/\/photo-venturelli.com\/reykjavik-the-warmth-of-the-arctic-circle\/"},"modified":"2025-12-15T15:41:23","modified_gmt":"2025-12-15T14:41:23","slug":"reykjavik-the-warmth-of-the-arctic-circle","status":"publish","type":"post","link":"https:\/\/photo-venturelli.com\/en\/reykjavik-the-warmth-of-the-arctic-circle\/","title":{"rendered":"Reykjav\u00edk, the warmth of the Arctic Circle."},"content":{"rendered":"\n<h2 class=\"wp-block-heading\">History of Reykjav\u00edk and the conquest of Iceland.<\/h2>\n\n<p>Reykjav\u00edk&#8217;s history dates back to the 9th century, when the first settlers, mainly Vikings, conquered Iceland. Reykjavik, founded by Ing\u00f3lfur Arnarson in 874, played a central role in the development of the Icelandic nation. The Icelandic sagas, which bear witness to this period, recount the struggles, explorations and formation of a unique society.  <\/p>\n<div class=\"wp-block-image\">\n<figure class=\"aligncenter size-full is-resized\"><img fetchpriority=\"high\" decoding=\"async\" width=\"800\" height=\"534\" src=\"https:\/\/photo-venturelli.com\/wp-content\/uploads\/2023\/11\/2-Solfar-Le-voyageur-du-soleil-Reykjavik-REP085_55838.jpg\" alt=\"\" class=\"wp-image-3169\" style=\"width:930px;height:auto\" srcset=\"https:\/\/photo-venturelli.com\/wp-content\/uploads\/2023\/11\/2-Solfar-Le-voyageur-du-soleil-Reykjavik-REP085_55838.jpg 800w, https:\/\/photo-venturelli.com\/wp-content\/uploads\/2023\/11\/2-Solfar-Le-voyageur-du-soleil-Reykjavik-REP085_55838-300x200.jpg 300w, https:\/\/photo-venturelli.com\/wp-content\/uploads\/2023\/11\/2-Solfar-Le-voyageur-du-soleil-Reykjavik-REP085_55838-768x513.jpg 768w\" sizes=\"(max-width: 800px) 100vw, 800px\" \/><\/figure>\n<\/div>\n<p>Nestled between the North Atlantic and the Arctic Ocean, Iceland offers an impressive geological spectacle. Reykjav\u00edk, located on the southwest coast, lies on an active fault zone, the result of constant seismic activity. Volcanoes, glaciers and lava fields create a unique picture, reminiscent of the raw power of nature. Reykjav\u00edk takes advantage of its proximity to the ocean by hosting a dynamic fishing port. Fish-rich waters have shaped the city&#8217;s economy for centuries. In an innovative move, Icelanders have also harnessed geothermal energy to achieve total self-sufficiency in heating and to develop greenhouse crops, ensuring welcome local food production despite the harsh climate.     <\/p>\n\n<figure class=\"wp-block-gallery has-nested-images columns-default is-cropped wp-block-gallery-1 is-layout-flex wp-block-gallery-is-layout-flex\" style=\"padding-right:var(--wp--preset--spacing--20);padding-left:var(--wp--preset--spacing--20)\">\n<figure class=\"wp-block-image size-large\"><img decoding=\"async\" width=\"800\" height=\"468\" data-id=\"3164\" src=\"https:\/\/photo-venturelli.com\/wp-content\/uploads\/2023\/11\/2-Ferme-geothermique-Islande-REP085_56308.jpg\" alt=\"\" class=\"wp-image-3164\" srcset=\"https:\/\/photo-venturelli.com\/wp-content\/uploads\/2023\/11\/2-Ferme-geothermique-Islande-REP085_56308.jpg 800w, https:\/\/photo-venturelli.com\/wp-content\/uploads\/2023\/11\/2-Ferme-geothermique-Islande-REP085_56308-300x176.jpg 300w, https:\/\/photo-venturelli.com\/wp-content\/uploads\/2023\/11\/2-Ferme-geothermique-Islande-REP085_56308-768x449.jpg 768w\" sizes=\"(max-width: 800px) 100vw, 800px\" \/><\/figure>\n\n\n\n<figure class=\"wp-block-image size-large\"><img decoding=\"async\" width=\"800\" height=\"534\" data-id=\"3160\" src=\"https:\/\/photo-venturelli.com\/wp-content\/uploads\/2023\/11\/2-Bain-au-Secret-Lagoon-Islande-REP085_56303.jpg\" alt=\"\" class=\"wp-image-3160\" srcset=\"https:\/\/photo-venturelli.com\/wp-content\/uploads\/2023\/11\/2-Bain-au-Secret-Lagoon-Islande-REP085_56303.jpg 800w, https:\/\/photo-venturelli.com\/wp-content\/uploads\/2023\/11\/2-Bain-au-Secret-Lagoon-Islande-REP085_56303-300x200.jpg 300w, https:\/\/photo-venturelli.com\/wp-content\/uploads\/2023\/11\/2-Bain-au-Secret-Lagoon-Islande-REP085_56303-768x513.jpg 768w\" sizes=\"(max-width: 800px) 100vw, 800px\" \/><\/figure>\n<\/figure>\n\n<h2 class=\"wp-block-heading\">Iceland&#8217; s natural treasures.<\/h2>\n\n<p>Beyond Reykjav\u00edk, Iceland abounds in natural treasures, many of which are linked to the region&#8217;s volcanic character. The Blue Lagoon, one of many geothermal hot springs, offers a relaxing experience in its turquoise waters, which contract with the surrounding, rather dark rocks. Geysers such as Geysir and Strokkur shoot hot water into the air, captivating visitors with their natural spectacle. Waterfalls such as Gulfoss on the Hv\u00edt\u00e1 River are among the most impressive in the world. The roar of water tumbling down the rocky steps is a breathtaking sight and sound.    <\/p>\n\n<figure class=\"wp-block-gallery has-nested-images columns-default is-cropped wp-block-gallery-2 is-layout-flex wp-block-gallery-is-layout-flex\" style=\"padding-right:var(--wp--preset--spacing--20);padding-left:var(--wp--preset--spacing--20)\">\n<figure class=\"wp-block-image size-large\"><img loading=\"lazy\" decoding=\"async\" width=\"800\" height=\"534\" data-id=\"3161\" src=\"https:\/\/photo-venturelli.com\/wp-content\/uploads\/2023\/11\/2-Blue-Lagoon-Islande-REP085_55529.jpg\" alt=\"\" class=\"wp-image-3161\" srcset=\"https:\/\/photo-venturelli.com\/wp-content\/uploads\/2023\/11\/2-Blue-Lagoon-Islande-REP085_55529.jpg 800w, https:\/\/photo-venturelli.com\/wp-content\/uploads\/2023\/11\/2-Blue-Lagoon-Islande-REP085_55529-300x200.jpg 300w, https:\/\/photo-venturelli.com\/wp-content\/uploads\/2023\/11\/2-Blue-Lagoon-Islande-REP085_55529-768x513.jpg 768w\" sizes=\"(max-width: 800px) 100vw, 800px\" \/><\/figure>\n\n\n\n<figure class=\"wp-block-image size-large\"><img loading=\"lazy\" decoding=\"async\" width=\"800\" height=\"534\" data-id=\"3166\" src=\"https:\/\/photo-venturelli.com\/wp-content\/uploads\/2023\/11\/2-Gullfoss-chutes-deau-Islande-REP085_56258.jpg\" alt=\"\" class=\"wp-image-3166\" srcset=\"https:\/\/photo-venturelli.com\/wp-content\/uploads\/2023\/11\/2-Gullfoss-chutes-deau-Islande-REP085_56258.jpg 800w, https:\/\/photo-venturelli.com\/wp-content\/uploads\/2023\/11\/2-Gullfoss-chutes-deau-Islande-REP085_56258-300x200.jpg 300w, https:\/\/photo-venturelli.com\/wp-content\/uploads\/2023\/11\/2-Gullfoss-chutes-deau-Islande-REP085_56258-768x513.jpg 768w\" sizes=\"(max-width: 800px) 100vw, 800px\" \/><\/figure>\n<\/figure>\n\n<p>A detour along the icy roads of Tingvellir Nature Park is a must to fully appreciate the beauty of the landscape beyond the Arctic Circle. A UNESCO World Heritage Site, Tingvellir is home to the Almannagj\u00e1 Valley, where you can literally walk between two continents, North America and Eurasia, separated by the Tingvellir tectonic fault. <\/p>\n<div class=\"wp-block-image\">\n<figure class=\"aligncenter size-full is-resized\"><img loading=\"lazy\" decoding=\"async\" width=\"800\" height=\"534\" src=\"https:\/\/photo-venturelli.com\/wp-content\/uploads\/2023\/11\/2-Parc-national-de-Tingvellir-Islande-REP085_56057.jpg\" alt=\"\" class=\"wp-image-3168\" style=\"width:972px;height:auto\" srcset=\"https:\/\/photo-venturelli.com\/wp-content\/uploads\/2023\/11\/2-Parc-national-de-Tingvellir-Islande-REP085_56057.jpg 800w, https:\/\/photo-venturelli.com\/wp-content\/uploads\/2023\/11\/2-Parc-national-de-Tingvellir-Islande-REP085_56057-300x200.jpg 300w, https:\/\/photo-venturelli.com\/wp-content\/uploads\/2023\/11\/2-Parc-national-de-Tingvellir-Islande-REP085_56057-768x513.jpg 768w\" sizes=\"(max-width: 800px) 100vw, 800px\" \/><\/figure>\n<\/div>\n<p>Beyond its geological importance, Tingvellir is also rooted in Icelandic folklore, where trolls play a prominent role. According to Icelandic mythology, trolls were magical and mystical creatures, often linked to natural elements. Some tales tell of trolls living in the rocky cracks of Tingvellir, adding a mystical aura to the landscape. Whatever the case, there&#8217;s a very special atmosphere when you walk through the Tingvellir Gap, perhaps linked to the awareness of being in a magical place of continuous birth of our earth.   <\/p>\n<div class=\"wp-block-image\">\n<figure class=\"aligncenter size-full\"><img loading=\"lazy\" decoding=\"async\" width=\"800\" height=\"534\" src=\"https:\/\/photo-venturelli.com\/wp-content\/uploads\/2023\/11\/2-Faille-de-Tingvellir-Islande-REP085_56074.jpg\" alt=\"\" class=\"wp-image-3163\" srcset=\"https:\/\/photo-venturelli.com\/wp-content\/uploads\/2023\/11\/2-Faille-de-Tingvellir-Islande-REP085_56074.jpg 800w, https:\/\/photo-venturelli.com\/wp-content\/uploads\/2023\/11\/2-Faille-de-Tingvellir-Islande-REP085_56074-300x200.jpg 300w, https:\/\/photo-venturelli.com\/wp-content\/uploads\/2023\/11\/2-Faille-de-Tingvellir-Islande-REP085_56074-768x513.jpg 768w\" sizes=\"(max-width: 800px) 100vw, 800px\" \/><\/figure>\n<\/div>\n<h2 class=\"wp-block-heading\">The solar glow of the Northern Lights in the Icelandic sky.<\/h2>\n\n<p>This phenomenon, also known as the \u201cdance of the gods\u201d, is powered by the interaction of solar particles with the earth&#8217;s magnetosphere. Thanks to its geographical position close to the Arctic Circle, Iceland is one of the best places in the world to observe the Northern Lights. Winter nights, when the sky is clear and dark, offer the ideal setting for this celestial spectacle. Vibrant hues of green, pink and sometimes purple paint the firmament, creating a visual experience far beyond anything imaginable. Iconic locations such as Thingvellir National Park, the glacial lagoon of J\u00f6kuls\u00e1rl\u00f3n and the vast plains of Landmannalaugar offer breathtaking vistas for viewing the Northern Lights &#8211; provided you&#8217;re equipped for the cold, as the wait can be long.    <\/p>\n\n<figure class=\"wp-block-gallery has-nested-images columns-default is-cropped wp-block-gallery-3 is-layout-flex wp-block-gallery-is-layout-flex\" style=\"padding-right:var(--wp--preset--spacing--20);padding-left:var(--wp--preset--spacing--20)\">\n<figure class=\"wp-block-image size-large\"><img loading=\"lazy\" decoding=\"async\" width=\"800\" height=\"534\" data-id=\"3162\" src=\"https:\/\/photo-venturelli.com\/wp-content\/uploads\/2023\/11\/2-Chasse-aux-aurores-Reykjavik-REP085_56501.jpg\" alt=\"\" class=\"wp-image-3162\" srcset=\"https:\/\/photo-venturelli.com\/wp-content\/uploads\/2023\/11\/2-Chasse-aux-aurores-Reykjavik-REP085_56501.jpg 800w, https:\/\/photo-venturelli.com\/wp-content\/uploads\/2023\/11\/2-Chasse-aux-aurores-Reykjavik-REP085_56501-300x200.jpg 300w, https:\/\/photo-venturelli.com\/wp-content\/uploads\/2023\/11\/2-Chasse-aux-aurores-Reykjavik-REP085_56501-768x513.jpg 768w\" sizes=\"(max-width: 800px) 100vw, 800px\" \/><\/figure>\n\n\n\n<figure class=\"wp-block-image size-large\"><img loading=\"lazy\" decoding=\"async\" width=\"800\" height=\"534\" data-id=\"3159\" src=\"https:\/\/photo-venturelli.com\/wp-content\/uploads\/2023\/11\/2-Aurore-boreale-Reykjavik-REP085_56903.jpg\" alt=\"\" class=\"wp-image-3159\" srcset=\"https:\/\/photo-venturelli.com\/wp-content\/uploads\/2023\/11\/2-Aurore-boreale-Reykjavik-REP085_56903.jpg 800w, https:\/\/photo-venturelli.com\/wp-content\/uploads\/2023\/11\/2-Aurore-boreale-Reykjavik-REP085_56903-300x200.jpg 300w, https:\/\/photo-venturelli.com\/wp-content\/uploads\/2023\/11\/2-Aurore-boreale-Reykjavik-REP085_56903-768x513.jpg 768w\" sizes=\"(max-width: 800px) 100vw, 800px\" \/><\/figure>\n<\/figure>\n\n<p>Iceland in summer or winter offers a magical setting for observing the raw power of nature, inviting visitors to immerse themselves in the enchanting beauty of these unique natural phenomena. It&#8217;s an experience that transcends the boundaries of time, space and soul, leaving a lasting imprint on the hearts of those lucky enough to contemplate these landscapes. The majesty and incomparable brutality of these natural phenomena put us back in our rightful place in the universe we&#8217;ve been so conscientiously destroying for decades.  <\/p>\n<div class=\"wp-block-image\">\n<figure class=\"aligncenter size-full\"><img loading=\"lazy\" decoding=\"async\" width=\"800\" height=\"534\" src=\"https:\/\/photo-venturelli.com\/wp-content\/uploads\/2023\/11\/2-Freedom-Reykjavik-REP085_56394.jpg\" alt=\"\" class=\"wp-image-3165\" srcset=\"https:\/\/photo-venturelli.com\/wp-content\/uploads\/2023\/11\/2-Freedom-Reykjavik-REP085_56394.jpg 800w, https:\/\/photo-venturelli.com\/wp-content\/uploads\/2023\/11\/2-Freedom-Reykjavik-REP085_56394-300x200.jpg 300w, https:\/\/photo-venturelli.com\/wp-content\/uploads\/2023\/11\/2-Freedom-Reykjavik-REP085_56394-768x513.jpg 768w\" sizes=\"(max-width: 800px) 100vw, 800px\" \/><\/figure>\n<\/div>\n<p><em>Reykjav\u00edk (Iceland) &#8211; January 2015<\/em><\/p>\n\n<h2 class=\"wp-block-heading\">Galery<\/h2>\n\n<style id=\"bwg-style-0\">      #bwg_container1_0 #bwg_container2_0 #bwg_mosaic_thumbnails_div_0 {        width: 100%;        position: relative;        background-color: rgba(255, 255, 255, 0.00);        text-align: center;        justify-content: center;                  margin-left: auto;          margin-right: auto;                    padding-left: 4px;          padding-top: 4px;                }          #bwg_container1_0 #bwg_container2_0 .bwg_mosaic_thumb_spun_0 {        display: block;        position: absolute;\t\t\t\tborder-radius: 2px;\t\t\t\tborder: 1px none #CCCCCC;    \t\t    \t\tbackground-color:rgba(0,0,0, 0.30);        -moz-box-sizing: content-box !important;        -webkit-box-sizing: content-box !important;        box-sizing: content-box !important;      }\t\t\t#bwg_container1_0 #bwg_container2_0 .bwg_mosaic_thumb_0 {\t\t\t\tdisplay: block;\t\t\t\t-moz-box-sizing: content-box !important;\t\t\t\t-webkit-box-sizing: content-box !important;\t\t\t\tbox-sizing: content-box !important;\t\t\t\tmargin: 0;\t\t\t\topacity: 0.80;\t\t\t}      #bwg_container1_0 #bwg_container2_0 .bwg_mosaic_thumb_spun_0:hover {        opacity: 1;        backface-visibility: hidden;        -webkit-backface-visibility: hidden;        -moz-backface-visibility: hidden;        -ms-backface-visibility: hidden;        z-index: 102;      }\t      @media only screen and (min-width: 480px) {        #bwg_container1_0 #bwg_container2_0 .bwg_mosaic_thumb_spun_0:hover {          transform: rotate(2deg);          -ms-transform: rotate(2deg);          -webkit-transform: rotate(2deg);        }      }\t      #bwg_container1_0 #bwg_container2_0 .bwg_mosaic_thumbnails_0 {        background-color: rgba(255, 255, 255, 0.00);        font-size: 0;        position: relative;        text-align: center;        display: inline-block;        visibility: hidden;              }\t  \/*image title styles*\/      #bwg_container1_0 #bwg_container2_0 .bwg_mosaic_title_spun1_0,      #bwg_container1_0 #bwg_container2_0 .bwg-mosaic-thumbnails .bwg_ecommerce_spun1_0 {        position: absolute;        display: block;        opacity: 0;        box-sizing: border-box;        text-align: center;\t\t\t\ttop: 50%;\t\t\t\tleft: 50%;\t\t\t\ttransform: translate(-50%, -50%);      }      #bwg_container1_0 #bwg_container2_0 .bwg-mosaic-thumbnails .bwg_mosaic_title_spun2_0,      #bwg_container1_0 #bwg_container2_0 .bwg-mosaic-thumbnails .bwg_ecommerce_spun2_0 {\t\t    color: #323A45;        font-family: Ubuntu;        font-size: 16px;        font-weight: bold;        text-shadow: 0px 0px 0px #888888;        vertical-align: middle;        word-wrap: break-word;      }            .bwg_mosaic_play_icon_spun_0 {        display: table;        position: absolute;        left: -10000px;        top: 0px;        opacity: 0;      }      .bwg_mosaic_play_icon_0 {        color: #323A45;        font-size: 32px;        vertical-align: middle;        display: table-cell !important;        z-index: 1;        text-align: center;        margin: 0 auto;      }      #bwg_container1_0 #bwg_container2_0 .bwg_gal_title_0 {        background-color: rgba(0, 0, 0, 0);        color: #323A45;        display: block;        font-family: Ubuntu;        font-size: 16px;        font-weight: bold;        padding: 2px;        text-shadow: ;        text-align: center;      }            @media screen and (max-width: 350px) {      div[class^=\"bwg_mosaic_thumbnails_\"],      span[class^=\"bwg_mosaic_thumb_spun_\"] {      width: 100% !important;      }      img[class^=\"bwg_mosaic_thumb_\"] {      width: 100% !important;      height: auto !important;      margin: 0px auto !important;      }      }      <\/style>    <div id=\"bwg_container1_0\"         class=\"bwg_container bwg_thumbnail bwg_thumbnails_mosaic \"         data-right-click-protection=\"1\"         data-bwg=\"0\"         data-scroll=\"0\"         data-gallery-type=\"thumbnails_mosaic\"         data-gallery-view-type=\"thumbnails_mosaic\"         data-current-url=\"\/en\/wp-json\/wp\/v2\/posts\/10739\"         data-lightbox-url=\"https:\/\/photo-venturelli.com\/wp-admin\/admin-ajax.php?action=GalleryBox&#038;current_view=0&#038;gallery_id=38&#038;tag=0&#038;theme_id=2&#038;shortcode_id=185&#038;sort_by=order&#038;order_by=asc&#038;current_url=%2Fen%2Fwp-json%2Fwp%2Fv2%2Fposts%2F10739\"         data-gallery-id=\"38\"         data-popup-width=\"800\"         data-popup-height=\"500\"         data-is-album=\"gallery\"         data-buttons-position=\"bottom\">      <div id=\"bwg_container2_0\">             <div id=\"ajax_loading_0\" class=\"bwg_loading_div_1\">      <div class=\"bwg_loading_div_2\">        <div class=\"bwg_loading_div_3\">          <div id=\"loading_div_0\" class=\"bwg_spider_ajax_loading\">          <\/div>        <\/div>      <\/div>    <\/div>            <form id=\"gal_front_form_0\"              class=\"bwg-hidden\"              method=\"post\"              action=\"#\"              data-current=\"0\"              data-shortcode-id=\"185\"              data-gallery-type=\"thumbnails_mosaic\"              data-gallery-id=\"38\"              data-tag=\"0\"              data-album-id=\"0\"              data-theme-id=\"2\"              data-ajax-url=\"https:\/\/photo-venturelli.com\/wp-admin\/admin-ajax.php?action=bwg_frontend_data\">          <div id=\"bwg_container3_0\" class=\"bwg-background bwg-background-0\">                <div id=\"bwg_mosaic_thumbnails_div_0\"         class=\"bwg-container-0 bwg-container bwg-mosaic-thumbnails\"         data-bwg=\"0\"         data-mosaic-direction=\"vertical\"         data-resizable=\"0\"         data-width=\"250\"         data-height=\"250\"         data-total-width=\"100\"         data-block-id=\"bwg_thumbnails_mosaic_0\"         data-thumb-padding=\"4\"         data-thumb-border=\"1\"         data-title-margin=\"2px\"         data-image-title=\"none\"         data-play-icon=\"1\"         data-ecommerce-icon=\"none\"         data-gallery-id=\"38\"         data-lightbox-url=\"https:\/\/photo-venturelli.com\/wp-admin\/admin-ajax.php?action=GalleryBox&#038;current_view=0&#038;gallery_id=38&#038;tag=0&#038;theme_id=2&#038;shortcode_id=185&#038;sort_by=order&#038;order_by=asc&#038;current_url=%2Fen%2Fwp-json%2Fwp%2Fv2%2Fposts%2F10739\"         data-mosaic-thumb-transition=\"1\"         style=\"visibility: hidden\" >      <div id=\"bwg_thumbnails_mosaic_0\" class=\"bwg_mosaic_thumbnails_0\">                  <a  class=\"bwg-a bwg_lightbox bwg_lightbox_0\" href=\"https:\/\/photo-venturelli.com\/wp-content\/uploads\/photo-gallery\/imported_from_media_libray\/Reykjavik-Islande-REP085_55507.jpg?bwg=1700991116\" data-image-id=\"1427\" data-elementor-open-lightbox=\"no\">          <div class=\"bwg_mosaic_thumb_spun_0 bwg-item0 bwg-mosaic-thumb-span \">            <img decoding=\"async\" class=\"bwg_mosaic_thumb_0 skip-lazy bwg_img_clear bwg_img_custom \"                 id=\"1427\"                 src=\"https:\/\/photo-venturelli.com\/wp-content\/uploads\/photo-gallery\/imported_from_media_libray\/thumb\/Reykjavik-Islande-REP085_55507.jpg?bwg=1700991116\"                 data-src=\"https:\/\/photo-venturelli.com\/wp-content\/uploads\/photo-gallery\/imported_from_media_libray\/thumb\/Reykjavik-Islande-REP085_55507.jpg?bwg=1700991116\"                 data-width=\"500.00\"                 data-height=\"334.00\"                 alt=\"Reykjavik-Islande (REP085_55507)\"                 title=\"Reykjavik-Islande (REP085_55507)\" \/>                      <\/div>        <\/a>                <a  class=\"bwg-a bwg_lightbox bwg_lightbox_0\" href=\"https:\/\/photo-venturelli.com\/wp-content\/uploads\/photo-gallery\/imported_from_media_libray\/Hallgrimskirkja-cathedrale-Reykjavik-REP085_55832.jpg?bwg=1700991116\" data-image-id=\"1400\" data-elementor-open-lightbox=\"no\">          <div class=\"bwg_mosaic_thumb_spun_0 bwg-item0 bwg-mosaic-thumb-span \">            <img decoding=\"async\" class=\"bwg_mosaic_thumb_0 skip-lazy bwg_img_clear bwg_img_custom \"                 id=\"1400\"                 src=\"https:\/\/photo-venturelli.com\/wp-content\/uploads\/photo-gallery\/imported_from_media_libray\/thumb\/Hallgrimskirkja-cathedrale-Reykjavik-REP085_55832.jpg?bwg=1700991116\"                 data-src=\"https:\/\/photo-venturelli.com\/wp-content\/uploads\/photo-gallery\/imported_from_media_libray\/thumb\/Hallgrimskirkja-cathedrale-Reykjavik-REP085_55832.jpg?bwg=1700991116\"                 data-width=\"500.00\"                 data-height=\"334.00\"                 alt=\"Hallgr\u00edmskirkja cath\u00e9drale Reykjavik (REP085_55832)\"                 title=\"Hallgr\u00edmskirkja cath\u00e9drale Reykjavik (REP085_55832)\" \/>                      <\/div>        <\/a>                <a  class=\"bwg-a bwg_lightbox bwg_lightbox_0\" href=\"https:\/\/photo-venturelli.com\/wp-content\/uploads\/photo-gallery\/imported_from_media_libray\/Hallgrimskirkja-cathedrale-Reykjavik-REP085_55795.jpg?bwg=1700991116\" data-image-id=\"1403\" data-elementor-open-lightbox=\"no\">          <div class=\"bwg_mosaic_thumb_spun_0 bwg-item0 bwg-mosaic-thumb-span \">            <img decoding=\"async\" class=\"bwg_mosaic_thumb_0 skip-lazy bwg_img_clear bwg_img_custom \"                 id=\"1403\"                 src=\"https:\/\/photo-venturelli.com\/wp-content\/uploads\/photo-gallery\/imported_from_media_libray\/thumb\/Hallgrimskirkja-cathedrale-Reykjavik-REP085_55795.jpg?bwg=1700991116\"                 data-src=\"https:\/\/photo-venturelli.com\/wp-content\/uploads\/photo-gallery\/imported_from_media_libray\/thumb\/Hallgrimskirkja-cathedrale-Reykjavik-REP085_55795.jpg?bwg=1700991116\"                 data-width=\"500.00\"                 data-height=\"334.00\"                 alt=\"Hallgr\u00edmskirkja cath\u00e9drale Reykjavik (REP085_55795)\"                 title=\"Hallgr\u00edmskirkja cath\u00e9drale Reykjavik (REP085_55795)\" \/>                      <\/div>        <\/a>                <a  class=\"bwg-a bwg_lightbox bwg_lightbox_0\" href=\"https:\/\/photo-venturelli.com\/wp-content\/uploads\/photo-gallery\/imported_from_media_libray\/Cathedrale-basilique-du-Christ-Roi-de-Reykjavik-REP085_56366.jpg?bwg=1700991116\" data-image-id=\"1413\" data-elementor-open-lightbox=\"no\">          <div class=\"bwg_mosaic_thumb_spun_0 bwg-item0 bwg-mosaic-thumb-span \">            <img decoding=\"async\" class=\"bwg_mosaic_thumb_0 skip-lazy bwg_img_clear bwg_img_custom \"                 id=\"1413\"                 src=\"https:\/\/photo-venturelli.com\/wp-content\/uploads\/photo-gallery\/imported_from_media_libray\/thumb\/Cathedrale-basilique-du-Christ-Roi-de-Reykjavik-REP085_56366.jpg?bwg=1700991116\"                 data-src=\"https:\/\/photo-venturelli.com\/wp-content\/uploads\/photo-gallery\/imported_from_media_libray\/thumb\/Cathedrale-basilique-du-Christ-Roi-de-Reykjavik-REP085_56366.jpg?bwg=1700991116\"                 data-width=\"500.00\"                 data-height=\"338.00\"                 alt=\"Cath\u00e9drale-basilique du Christ-Roi de Reykjavik (REP085_56366)\"                 title=\"Cath\u00e9drale-basilique du Christ-Roi de Reykjavik (REP085_56366)\" \/>                      <\/div>        <\/a>                <a  class=\"bwg-a bwg_lightbox bwg_lightbox_0\" href=\"https:\/\/photo-venturelli.com\/wp-content\/uploads\/photo-gallery\/imported_from_media_libray\/Hallgrimskirkja-cathedrale-Reykjavik-REP085_55827.jpg?bwg=1700991116\" data-image-id=\"1402\" data-elementor-open-lightbox=\"no\">          <div class=\"bwg_mosaic_thumb_spun_0 bwg-item0 bwg-mosaic-thumb-span \">            <img decoding=\"async\" class=\"bwg_mosaic_thumb_0 skip-lazy bwg_img_clear bwg_img_custom \"                 id=\"1402\"                 src=\"https:\/\/photo-venturelli.com\/wp-content\/uploads\/photo-gallery\/imported_from_media_libray\/thumb\/Hallgrimskirkja-cathedrale-Reykjavik-REP085_55827.jpg?bwg=1700991116\"                 data-src=\"https:\/\/photo-venturelli.com\/wp-content\/uploads\/photo-gallery\/imported_from_media_libray\/thumb\/Hallgrimskirkja-cathedrale-Reykjavik-REP085_55827.jpg?bwg=1700991116\"                 data-width=\"500.00\"                 data-height=\"334.00\"                 alt=\"Hallgr\u00edmskirkja cath\u00e9drale Reykjavik (REP085_55827)\"                 title=\"Hallgr\u00edmskirkja cath\u00e9drale Reykjavik (REP085_55827)\" \/>                      <\/div>        <\/a>                <a  class=\"bwg-a bwg_lightbox bwg_lightbox_0\" href=\"https:\/\/photo-venturelli.com\/wp-content\/uploads\/photo-gallery\/imported_from_media_libray\/Hallgrimskirkja-cathedrale-Reykjavik-REP085_55828.jpg?bwg=1700991116\" data-image-id=\"1401\" data-elementor-open-lightbox=\"no\">          <div class=\"bwg_mosaic_thumb_spun_0 bwg-item0 bwg-mosaic-thumb-span \">            <img decoding=\"async\" class=\"bwg_mosaic_thumb_0 skip-lazy bwg_img_clear bwg_img_custom \"                 id=\"1401\"                 src=\"https:\/\/photo-venturelli.com\/wp-content\/uploads\/photo-gallery\/imported_from_media_libray\/thumb\/Hallgrimskirkja-cathedrale-Reykjavik-REP085_55828.jpg?bwg=1700991116\"                 data-src=\"https:\/\/photo-venturelli.com\/wp-content\/uploads\/photo-gallery\/imported_from_media_libray\/thumb\/Hallgrimskirkja-cathedrale-Reykjavik-REP085_55828.jpg?bwg=1700991116\"                 data-width=\"500.00\"                 data-height=\"334.00\"                 alt=\"Hallgr\u00edmskirkja cath\u00e9drale Reykjavik (REP085_55828)\"                 title=\"Hallgr\u00edmskirkja cath\u00e9drale Reykjavik (REP085_55828)\" \/>                      <\/div>        <\/a>                <a  class=\"bwg-a bwg_lightbox bwg_lightbox_0\" href=\"https:\/\/photo-venturelli.com\/wp-content\/uploads\/photo-gallery\/imported_from_media_libray\/Harpa-Reykjavik-REP085_55941.jpg?bwg=1700991116\" data-image-id=\"1398\" data-elementor-open-lightbox=\"no\">          <div class=\"bwg_mosaic_thumb_spun_0 bwg-item0 bwg-mosaic-thumb-span \">            <img decoding=\"async\" class=\"bwg_mosaic_thumb_0 skip-lazy bwg_img_clear bwg_img_custom \"                 id=\"1398\"                 src=\"https:\/\/photo-venturelli.com\/wp-content\/uploads\/photo-gallery\/imported_from_media_libray\/thumb\/Harpa-Reykjavik-REP085_55941.jpg?bwg=1700991116\"                 data-src=\"https:\/\/photo-venturelli.com\/wp-content\/uploads\/photo-gallery\/imported_from_media_libray\/thumb\/Harpa-Reykjavik-REP085_55941.jpg?bwg=1700991116\"                 data-width=\"500.00\"                 data-height=\"334.00\"                 alt=\"Harpa - Reykjavik (REP085_55941)\"                 title=\"Harpa - Reykjavik (REP085_55941)\" \/>                      <\/div>        <\/a>                <a  class=\"bwg-a bwg_lightbox bwg_lightbox_0\" href=\"https:\/\/photo-venturelli.com\/wp-content\/uploads\/photo-gallery\/imported_from_media_libray\/Harpa-Reykjavik-REP085_56440.jpg?bwg=1700991116\" data-image-id=\"1396\" data-elementor-open-lightbox=\"no\">          <div class=\"bwg_mosaic_thumb_spun_0 bwg-item0 bwg-mosaic-thumb-span \">            <img decoding=\"async\" class=\"bwg_mosaic_thumb_0 skip-lazy bwg_img_clear bwg_img_custom \"                 id=\"1396\"                 src=\"https:\/\/photo-venturelli.com\/wp-content\/uploads\/photo-gallery\/imported_from_media_libray\/thumb\/Harpa-Reykjavik-REP085_56440.jpg?bwg=1700991116\"                 data-src=\"https:\/\/photo-venturelli.com\/wp-content\/uploads\/photo-gallery\/imported_from_media_libray\/thumb\/Harpa-Reykjavik-REP085_56440.jpg?bwg=1700991116\"                 data-width=\"500.00\"                 data-height=\"334.00\"                 alt=\"Harpa - Reykjavik (REP085_56440)\"                 title=\"Harpa - Reykjavik (REP085_56440)\" \/>                      <\/div>        <\/a>                <a  class=\"bwg-a bwg_lightbox bwg_lightbox_0\" href=\"https:\/\/photo-venturelli.com\/wp-content\/uploads\/photo-gallery\/imported_from_media_libray\/Harpa-Reykjavik-REP085_56437.jpg?bwg=1700991116\" data-image-id=\"1397\" data-elementor-open-lightbox=\"no\">          <div class=\"bwg_mosaic_thumb_spun_0 bwg-item0 bwg-mosaic-thumb-span \">            <img decoding=\"async\" class=\"bwg_mosaic_thumb_0 skip-lazy bwg_img_clear bwg_img_custom \"                 id=\"1397\"                 src=\"https:\/\/photo-venturelli.com\/wp-content\/uploads\/photo-gallery\/imported_from_media_libray\/thumb\/Harpa-Reykjavik-REP085_56437.jpg?bwg=1700991116\"                 data-src=\"https:\/\/photo-venturelli.com\/wp-content\/uploads\/photo-gallery\/imported_from_media_libray\/thumb\/Harpa-Reykjavik-REP085_56437.jpg?bwg=1700991116\"                 data-width=\"500.00\"                 data-height=\"334.00\"                 alt=\"Harpa - Reykjavik (REP085_56437)\"                 title=\"Harpa - Reykjavik (REP085_56437)\" \/>                      <\/div>        <\/a>                <a  class=\"bwg-a bwg_lightbox bwg_lightbox_0\" href=\"https:\/\/photo-venturelli.com\/wp-content\/uploads\/photo-gallery\/imported_from_media_libray\/Harpa-Reykjavik-REP085_55925.jpg?bwg=1700991116\" data-image-id=\"1399\" data-elementor-open-lightbox=\"no\">          <div class=\"bwg_mosaic_thumb_spun_0 bwg-item0 bwg-mosaic-thumb-span \">            <img decoding=\"async\" class=\"bwg_mosaic_thumb_0 skip-lazy bwg_img_clear bwg_img_custom \"                 id=\"1399\"                 src=\"https:\/\/photo-venturelli.com\/wp-content\/uploads\/photo-gallery\/imported_from_media_libray\/thumb\/Harpa-Reykjavik-REP085_55925.jpg?bwg=1700991116\"                 data-src=\"https:\/\/photo-venturelli.com\/wp-content\/uploads\/photo-gallery\/imported_from_media_libray\/thumb\/Harpa-Reykjavik-REP085_55925.jpg?bwg=1700991116\"                 data-width=\"500.00\"                 data-height=\"334.00\"                 alt=\"Harpa - Reykjavik (REP085_55925)\"                 title=\"Harpa - Reykjavik (REP085_55925)\" \/>                      <\/div>        <\/a>                <a  class=\"bwg-a bwg_lightbox bwg_lightbox_0\" href=\"https:\/\/photo-venturelli.com\/wp-content\/uploads\/photo-gallery\/imported_from_media_libray\/Freedom-Reykjavik-REP085_56394.jpg?bwg=1700991116\" data-image-id=\"1406\" data-elementor-open-lightbox=\"no\">          <div class=\"bwg_mosaic_thumb_spun_0 bwg-item0 bwg-mosaic-thumb-span \">            <img decoding=\"async\" class=\"bwg_mosaic_thumb_0 skip-lazy bwg_img_clear bwg_img_custom \"                 id=\"1406\"                 src=\"https:\/\/photo-venturelli.com\/wp-content\/uploads\/photo-gallery\/imported_from_media_libray\/thumb\/Freedom-Reykjavik-REP085_56394.jpg?bwg=1700991116\"                 data-src=\"https:\/\/photo-venturelli.com\/wp-content\/uploads\/photo-gallery\/imported_from_media_libray\/thumb\/Freedom-Reykjavik-REP085_56394.jpg?bwg=1700991116\"                 data-width=\"500.00\"                 data-height=\"334.00\"                 alt=\"Freedom Reykjavik (REP085_56394)\"                 title=\"Freedom Reykjavik (REP085_56394)\" \/>                      <\/div>        <\/a>                <a  class=\"bwg-a bwg_lightbox bwg_lightbox_0\" href=\"https:\/\/photo-venturelli.com\/wp-content\/uploads\/photo-gallery\/imported_from_media_libray\/Port-de-Reykjavik-REP085_55975.jpg?bwg=1700991116\" data-image-id=\"1429\" data-elementor-open-lightbox=\"no\">          <div class=\"bwg_mosaic_thumb_spun_0 bwg-item0 bwg-mosaic-thumb-span \">            <img decoding=\"async\" class=\"bwg_mosaic_thumb_0 skip-lazy bwg_img_clear bwg_img_custom \"                 id=\"1429\"                 src=\"https:\/\/photo-venturelli.com\/wp-content\/uploads\/photo-gallery\/imported_from_media_libray\/thumb\/Port-de-Reykjavik-REP085_55975.jpg?bwg=1700991116\"                 data-src=\"https:\/\/photo-venturelli.com\/wp-content\/uploads\/photo-gallery\/imported_from_media_libray\/thumb\/Port-de-Reykjavik-REP085_55975.jpg?bwg=1700991116\"                 data-width=\"500.00\"                 data-height=\"334.00\"                 alt=\"Port de Reykjavik (REP085_55975)\"                 title=\"Port de Reykjavik (REP085_55975)\" \/>                      <\/div>        <\/a>                <a  class=\"bwg-a bwg_lightbox bwg_lightbox_0\" href=\"https:\/\/photo-venturelli.com\/wp-content\/uploads\/photo-gallery\/imported_from_media_libray\/Batiment-decore-Reykjavik-REP085_56414.jpg?bwg=1700991116\" data-image-id=\"1417\" data-elementor-open-lightbox=\"no\">          <div class=\"bwg_mosaic_thumb_spun_0 bwg-item0 bwg-mosaic-thumb-span \">            <img decoding=\"async\" class=\"bwg_mosaic_thumb_0 skip-lazy bwg_img_clear bwg_img_custom \"                 id=\"1417\"                 src=\"https:\/\/photo-venturelli.com\/wp-content\/uploads\/photo-gallery\/imported_from_media_libray\/thumb\/Batiment-decore-Reykjavik-REP085_56414.jpg?bwg=1700991116\"                 data-src=\"https:\/\/photo-venturelli.com\/wp-content\/uploads\/photo-gallery\/imported_from_media_libray\/thumb\/Batiment-decore-Reykjavik-REP085_56414.jpg?bwg=1700991116\"                 data-width=\"500.00\"                 data-height=\"334.00\"                 alt=\"Batiment d\u00e9cor\u00e9 Reykjavik (REP085_56414)\"                 title=\"Batiment d\u00e9cor\u00e9 Reykjavik (REP085_56414)\" \/>                      <\/div>        <\/a>                <a  class=\"bwg-a bwg_lightbox bwg_lightbox_0\" href=\"https:\/\/photo-venturelli.com\/wp-content\/uploads\/photo-gallery\/imported_from_media_libray\/Couche-de-soleil-Reykjavik-REP085_56488.jpg?bwg=1700991116\" data-image-id=\"1411\" data-elementor-open-lightbox=\"no\">          <div class=\"bwg_mosaic_thumb_spun_0 bwg-item0 bwg-mosaic-thumb-span \">            <img decoding=\"async\" class=\"bwg_mosaic_thumb_0 skip-lazy bwg_img_clear bwg_img_custom \"                 id=\"1411\"                 src=\"https:\/\/photo-venturelli.com\/wp-content\/uploads\/photo-gallery\/imported_from_media_libray\/thumb\/Couche-de-soleil-Reykjavik-REP085_56488.jpg?bwg=1700991116\"                 data-src=\"https:\/\/photo-venturelli.com\/wp-content\/uploads\/photo-gallery\/imported_from_media_libray\/thumb\/Couche-de-soleil-Reykjavik-REP085_56488.jpg?bwg=1700991116\"                 data-width=\"500.00\"                 data-height=\"334.00\"                 alt=\"Couch\u00e9 de soleil Reykjavik (REP085_56488)\"                 title=\"Couch\u00e9 de soleil Reykjavik (REP085_56488)\" \/>                      <\/div>        <\/a>                <a  class=\"bwg-a bwg_lightbox bwg_lightbox_0\" href=\"https:\/\/photo-venturelli.com\/wp-content\/uploads\/photo-gallery\/imported_from_media_libray\/Solfar-Le-voyageur-du-soleil-Reykjavik-REP085_55838.jpg?bwg=1700991116\" data-image-id=\"1424\" data-elementor-open-lightbox=\"no\">          <div class=\"bwg_mosaic_thumb_spun_0 bwg-item0 bwg-mosaic-thumb-span \">            <img decoding=\"async\" class=\"bwg_mosaic_thumb_0 skip-lazy bwg_img_clear bwg_img_custom \"                 id=\"1424\"                 src=\"https:\/\/photo-venturelli.com\/wp-content\/uploads\/photo-gallery\/imported_from_media_libray\/thumb\/Solfar-Le-voyageur-du-soleil-Reykjavik-REP085_55838.jpg?bwg=1700991116\"                 data-src=\"https:\/\/photo-venturelli.com\/wp-content\/uploads\/photo-gallery\/imported_from_media_libray\/thumb\/Solfar-Le-voyageur-du-soleil-Reykjavik-REP085_55838.jpg?bwg=1700991116\"                 data-width=\"500.00\"                 data-height=\"334.00\"                 alt=\"S\u00f3lfar- Le voyageur du soleil-Reykjavik (REP085_55838)\"                 title=\"S\u00f3lfar- Le voyageur du soleil-Reykjavik (REP085_55838)\" \/>                      <\/div>        <\/a>                <a  class=\"bwg-a bwg_lightbox bwg_lightbox_0\" href=\"https:\/\/photo-venturelli.com\/wp-content\/uploads\/photo-gallery\/imported_from_media_libray\/Bateau-a-quai-Reykjavik-REP085_56402.jpg?bwg=1700991116\" data-image-id=\"1419\" data-elementor-open-lightbox=\"no\">          <div class=\"bwg_mosaic_thumb_spun_0 bwg-item0 bwg-mosaic-thumb-span \">            <img decoding=\"async\" class=\"bwg_mosaic_thumb_0 skip-lazy bwg_img_clear bwg_img_custom \"                 id=\"1419\"                 src=\"https:\/\/photo-venturelli.com\/wp-content\/uploads\/photo-gallery\/imported_from_media_libray\/thumb\/Bateau-a-quai-Reykjavik-REP085_56402.jpg?bwg=1700991116\"                 data-src=\"https:\/\/photo-venturelli.com\/wp-content\/uploads\/photo-gallery\/imported_from_media_libray\/thumb\/Bateau-a-quai-Reykjavik-REP085_56402.jpg?bwg=1700991116\"                 data-width=\"500.00\"                 data-height=\"334.00\"                 alt=\"Bateau \u00e0 quai Reykjavik (REP085_56402)\"                 title=\"Bateau \u00e0 quai Reykjavik (REP085_56402)\" \/>                      <\/div>        <\/a>                <a  class=\"bwg-a bwg_lightbox bwg_lightbox_0\" href=\"https:\/\/photo-venturelli.com\/wp-content\/uploads\/photo-gallery\/imported_from_media_libray\/Bateau-a-quai-Reykjavik-REP085_56407.jpg?bwg=1700991116\" data-image-id=\"1418\" data-elementor-open-lightbox=\"no\">          <div class=\"bwg_mosaic_thumb_spun_0 bwg-item0 bwg-mosaic-thumb-span \">            <img decoding=\"async\" class=\"bwg_mosaic_thumb_0 skip-lazy bwg_img_clear bwg_img_custom \"                 id=\"1418\"                 src=\"https:\/\/photo-venturelli.com\/wp-content\/uploads\/photo-gallery\/imported_from_media_libray\/thumb\/Bateau-a-quai-Reykjavik-REP085_56407.jpg?bwg=1700991116\"                 data-src=\"https:\/\/photo-venturelli.com\/wp-content\/uploads\/photo-gallery\/imported_from_media_libray\/thumb\/Bateau-a-quai-Reykjavik-REP085_56407.jpg?bwg=1700991116\"                 data-width=\"500.00\"                 data-height=\"334.00\"                 alt=\"Bateau \u00e0 quai Reykjavik (REP085_56407)\"                 title=\"Bateau \u00e0 quai Reykjavik (REP085_56407)\" \/>                      <\/div>        <\/a>                <a  class=\"bwg-a bwg_lightbox bwg_lightbox_0\" href=\"https:\/\/photo-venturelli.com\/wp-content\/uploads\/photo-gallery\/imported_from_media_libray\/Geyser-Strokur-Islande-REP085_56197.jpg?bwg=1700991116\" data-image-id=\"1405\" data-elementor-open-lightbox=\"no\">          <div class=\"bwg_mosaic_thumb_spun_0 bwg-item0 bwg-mosaic-thumb-span \">            <img decoding=\"async\" class=\"bwg_mosaic_thumb_0 skip-lazy bwg_img_clear bwg_img_custom \"                 id=\"1405\"                 src=\"https:\/\/photo-venturelli.com\/wp-content\/uploads\/photo-gallery\/imported_from_media_libray\/thumb\/Geyser-Strokur-Islande-REP085_56197.jpg?bwg=1700991116\"                 data-src=\"https:\/\/photo-venturelli.com\/wp-content\/uploads\/photo-gallery\/imported_from_media_libray\/thumb\/Geyser-Strokur-Islande-REP085_56197.jpg?bwg=1700991116\"                 data-width=\"500.00\"                 data-height=\"334.00\"                 alt=\"Geyser Strokur Islande (REP085_56197)\"                 title=\"Geyser Strokur Islande (REP085_56197)\" \/>                      <\/div>        <\/a>                <a  class=\"bwg-a bwg_lightbox bwg_lightbox_0\" href=\"https:\/\/photo-venturelli.com\/wp-content\/uploads\/photo-gallery\/imported_from_media_libray\/Faille-de-Tingvellir-Islande-REP085_56074.jpg?bwg=1700991116\" data-image-id=\"1410\" data-elementor-open-lightbox=\"no\">          <div class=\"bwg_mosaic_thumb_spun_0 bwg-item0 bwg-mosaic-thumb-span \">            <img decoding=\"async\" class=\"bwg_mosaic_thumb_0 skip-lazy bwg_img_clear bwg_img_custom \"                 id=\"1410\"                 src=\"https:\/\/photo-venturelli.com\/wp-content\/uploads\/photo-gallery\/imported_from_media_libray\/thumb\/Faille-de-Tingvellir-Islande-REP085_56074.jpg?bwg=1700991116\"                 data-src=\"https:\/\/photo-venturelli.com\/wp-content\/uploads\/photo-gallery\/imported_from_media_libray\/thumb\/Faille-de-Tingvellir-Islande-REP085_56074.jpg?bwg=1700991116\"                 data-width=\"500.00\"                 data-height=\"334.00\"                 alt=\"Faille de Tingvellir Islande (REP085_56074)\"                 title=\"Faille de Tingvellir Islande (REP085_56074)\" \/>                      <\/div>        <\/a>                <a  class=\"bwg-a bwg_lightbox bwg_lightbox_0\" href=\"https:\/\/photo-venturelli.com\/wp-content\/uploads\/photo-gallery\/imported_from_media_libray\/Ferme-geothermique-Islande-REP085_56265.jpg?bwg=1700991116\" data-image-id=\"1409\" data-elementor-open-lightbox=\"no\">          <div class=\"bwg_mosaic_thumb_spun_0 bwg-item0 bwg-mosaic-thumb-span \">            <img decoding=\"async\" class=\"bwg_mosaic_thumb_0 skip-lazy bwg_img_clear bwg_img_custom \"                 id=\"1409\"                 src=\"https:\/\/photo-venturelli.com\/wp-content\/uploads\/photo-gallery\/imported_from_media_libray\/thumb\/Ferme-geothermique-Islande-REP085_56265.jpg?bwg=1700991116\"                 data-src=\"https:\/\/photo-venturelli.com\/wp-content\/uploads\/photo-gallery\/imported_from_media_libray\/thumb\/Ferme-geothermique-Islande-REP085_56265.jpg?bwg=1700991116\"                 data-width=\"500.00\"                 data-height=\"334.00\"                 alt=\"Ferme g\u00e9othermique Islande (REP085_56265)\"                 title=\"Ferme g\u00e9othermique Islande (REP085_56265)\" \/>                      <\/div>        <\/a>                <a  class=\"bwg-a bwg_lightbox bwg_lightbox_0\" href=\"https:\/\/photo-venturelli.com\/wp-content\/uploads\/photo-gallery\/imported_from_media_libray\/Ferme-geothermique-Islande-REP085_56294.jpg?bwg=1700991116\" data-image-id=\"1408\" data-elementor-open-lightbox=\"no\">          <div class=\"bwg_mosaic_thumb_spun_0 bwg-item0 bwg-mosaic-thumb-span \">            <img decoding=\"async\" class=\"bwg_mosaic_thumb_0 skip-lazy bwg_img_clear bwg_img_custom \"                 id=\"1408\"                 src=\"https:\/\/photo-venturelli.com\/wp-content\/uploads\/photo-gallery\/imported_from_media_libray\/thumb\/Ferme-geothermique-Islande-REP085_56294.jpg?bwg=1700991116\"                 data-src=\"https:\/\/photo-venturelli.com\/wp-content\/uploads\/photo-gallery\/imported_from_media_libray\/thumb\/Ferme-geothermique-Islande-REP085_56294.jpg?bwg=1700991116\"                 data-width=\"500.00\"                 data-height=\"334.00\"                 alt=\"Ferme g\u00e9othermique Islande (REP085_56294)\"                 title=\"Ferme g\u00e9othermique Islande (REP085_56294)\" \/>                      <\/div>        <\/a>                <a  class=\"bwg-a bwg_lightbox bwg_lightbox_0\" href=\"https:\/\/photo-venturelli.com\/wp-content\/uploads\/photo-gallery\/imported_from_media_libray\/Ferme-geothermique-Islande-REP085_56308.jpg?bwg=1700991116\" data-image-id=\"1407\" data-elementor-open-lightbox=\"no\">          <div class=\"bwg_mosaic_thumb_spun_0 bwg-item0 bwg-mosaic-thumb-span \">            <img decoding=\"async\" class=\"bwg_mosaic_thumb_0 skip-lazy bwg_img_clear bwg_img_custom \"                 id=\"1407\"                 src=\"https:\/\/photo-venturelli.com\/wp-content\/uploads\/photo-gallery\/imported_from_media_libray\/thumb\/Ferme-geothermique-Islande-REP085_56308.jpg?bwg=1700991116\"                 data-src=\"https:\/\/photo-venturelli.com\/wp-content\/uploads\/photo-gallery\/imported_from_media_libray\/thumb\/Ferme-geothermique-Islande-REP085_56308.jpg?bwg=1700991116\"                 data-width=\"500.00\"                 data-height=\"294.00\"                 alt=\"Ferme g\u00e9othermique Islande (REP085_56308)\"                 title=\"Ferme g\u00e9othermique Islande (REP085_56308)\" \/>                      <\/div>        <\/a>                <a  class=\"bwg-a bwg_lightbox bwg_lightbox_0\" href=\"https:\/\/photo-venturelli.com\/wp-content\/uploads\/photo-gallery\/imported_from_media_libray\/Reykjavik-REP085_56564.jpg?bwg=1700991116\" data-image-id=\"1428\" data-elementor-open-lightbox=\"no\">          <div class=\"bwg_mosaic_thumb_spun_0 bwg-item0 bwg-mosaic-thumb-span \">            <img decoding=\"async\" class=\"bwg_mosaic_thumb_0 skip-lazy bwg_img_clear bwg_img_custom \"                 id=\"1428\"                 src=\"https:\/\/photo-venturelli.com\/wp-content\/uploads\/photo-gallery\/imported_from_media_libray\/thumb\/Reykjavik-REP085_56564.jpg?bwg=1700991116\"                 data-src=\"https:\/\/photo-venturelli.com\/wp-content\/uploads\/photo-gallery\/imported_from_media_libray\/thumb\/Reykjavik-REP085_56564.jpg?bwg=1700991116\"                 data-width=\"500.00\"                 data-height=\"334.00\"                 alt=\"Reykjavik (REP085_56564)\"                 title=\"Reykjavik (REP085_56564)\" \/>                      <\/div>        <\/a>                <a  class=\"bwg-a bwg_lightbox bwg_lightbox_0\" href=\"https:\/\/photo-venturelli.com\/wp-content\/uploads\/photo-gallery\/imported_from_media_libray\/Gullfoss-chutes-deau-Islande-REP085_56258.jpg?bwg=1700991116\" data-image-id=\"1404\" data-elementor-open-lightbox=\"no\">          <div class=\"bwg_mosaic_thumb_spun_0 bwg-item0 bwg-mosaic-thumb-span \">            <img decoding=\"async\" class=\"bwg_mosaic_thumb_0 skip-lazy bwg_img_clear bwg_img_custom \"                 id=\"1404\"                 src=\"https:\/\/photo-venturelli.com\/wp-content\/uploads\/photo-gallery\/imported_from_media_libray\/thumb\/Gullfoss-chutes-deau-Islande-REP085_56258.jpg?bwg=1700991116\"                 data-src=\"https:\/\/photo-venturelli.com\/wp-content\/uploads\/photo-gallery\/imported_from_media_libray\/thumb\/Gullfoss-chutes-deau-Islande-REP085_56258.jpg?bwg=1700991116\"                 data-width=\"500.00\"                 data-height=\"334.00\"                 alt=\"Gullfoss chutes d&#039;eau Islande (REP085_56258)\"                 title=\"Gullfoss chutes d&#039;eau Islande (REP085_56258)\" \/>                      <\/div>        <\/a>                <a  class=\"bwg-a bwg_lightbox bwg_lightbox_0\" href=\"https:\/\/photo-venturelli.com\/wp-content\/uploads\/photo-gallery\/imported_from_media_libray\/Chasse-aux-aurores-Reykjavik-REP085_56501.jpg?bwg=1700991116\" data-image-id=\"1412\" data-elementor-open-lightbox=\"no\">          <div class=\"bwg_mosaic_thumb_spun_0 bwg-item0 bwg-mosaic-thumb-span \">            <img decoding=\"async\" class=\"bwg_mosaic_thumb_0 skip-lazy bwg_img_clear bwg_img_custom \"                 id=\"1412\"                 src=\"https:\/\/photo-venturelli.com\/wp-content\/uploads\/photo-gallery\/imported_from_media_libray\/thumb\/Chasse-aux-aurores-Reykjavik-REP085_56501.jpg?bwg=1700991116\"                 data-src=\"https:\/\/photo-venturelli.com\/wp-content\/uploads\/photo-gallery\/imported_from_media_libray\/thumb\/Chasse-aux-aurores-Reykjavik-REP085_56501.jpg?bwg=1700991116\"                 data-width=\"500.00\"                 data-height=\"334.00\"                 alt=\"Chasse aux aurores Reykjavik (REP085_56501)\"                 title=\"Chasse aux aurores Reykjavik (REP085_56501)\" \/>                      <\/div>        <\/a>                <a  class=\"bwg-a bwg_lightbox bwg_lightbox_0\" href=\"https:\/\/photo-venturelli.com\/wp-content\/uploads\/photo-gallery\/imported_from_media_libray\/Blue-Lagoon-Islande-REP085_55529.jpg?bwg=1700991116\" data-image-id=\"1416\" data-elementor-open-lightbox=\"no\">          <div class=\"bwg_mosaic_thumb_spun_0 bwg-item0 bwg-mosaic-thumb-span \">            <img decoding=\"async\" class=\"bwg_mosaic_thumb_0 skip-lazy bwg_img_clear bwg_img_custom \"                 id=\"1416\"                 src=\"https:\/\/photo-venturelli.com\/wp-content\/uploads\/photo-gallery\/imported_from_media_libray\/thumb\/Blue-Lagoon-Islande-REP085_55529.jpg?bwg=1700991116\"                 data-src=\"https:\/\/photo-venturelli.com\/wp-content\/uploads\/photo-gallery\/imported_from_media_libray\/thumb\/Blue-Lagoon-Islande-REP085_55529.jpg?bwg=1700991116\"                 data-width=\"500.00\"                 data-height=\"334.00\"                 alt=\"Blue Lagoon Islande (REP085_55529)\"                 title=\"Blue Lagoon Islande (REP085_55529)\" \/>                      <\/div>        <\/a>                <a  class=\"bwg-a bwg_lightbox bwg_lightbox_0\" href=\"https:\/\/photo-venturelli.com\/wp-content\/uploads\/photo-gallery\/imported_from_media_libray\/Blue-Lagoon-Islande-REP085_55556.jpg?bwg=1700991116\" data-image-id=\"1414\" data-elementor-open-lightbox=\"no\">          <div class=\"bwg_mosaic_thumb_spun_0 bwg-item0 bwg-mosaic-thumb-span \">            <img decoding=\"async\" class=\"bwg_mosaic_thumb_0 skip-lazy bwg_img_clear bwg_img_custom \"                 id=\"1414\"                 src=\"https:\/\/photo-venturelli.com\/wp-content\/uploads\/photo-gallery\/imported_from_media_libray\/thumb\/Blue-Lagoon-Islande-REP085_55556.jpg?bwg=1700991116\"                 data-src=\"https:\/\/photo-venturelli.com\/wp-content\/uploads\/photo-gallery\/imported_from_media_libray\/thumb\/Blue-Lagoon-Islande-REP085_55556.jpg?bwg=1700991116\"                 data-width=\"500.00\"                 data-height=\"334.00\"                 alt=\"Blue Lagoon Islande (REP085_55556)\"                 title=\"Blue Lagoon Islande (REP085_55556)\" \/>                      <\/div>        <\/a>                <a  class=\"bwg-a bwg_lightbox bwg_lightbox_0\" href=\"https:\/\/photo-venturelli.com\/wp-content\/uploads\/photo-gallery\/imported_from_media_libray\/Blue-Lagoon-Islande-REP085_55530.jpg?bwg=1700991116\" data-image-id=\"1415\" data-elementor-open-lightbox=\"no\">          <div class=\"bwg_mosaic_thumb_spun_0 bwg-item0 bwg-mosaic-thumb-span \">            <img decoding=\"async\" class=\"bwg_mosaic_thumb_0 skip-lazy bwg_img_clear bwg_img_custom \"                 id=\"1415\"                 src=\"https:\/\/photo-venturelli.com\/wp-content\/uploads\/photo-gallery\/imported_from_media_libray\/thumb\/Blue-Lagoon-Islande-REP085_55530.jpg?bwg=1700991116\"                 data-src=\"https:\/\/photo-venturelli.com\/wp-content\/uploads\/photo-gallery\/imported_from_media_libray\/thumb\/Blue-Lagoon-Islande-REP085_55530.jpg?bwg=1700991116\"                 data-width=\"500.00\"                 data-height=\"334.00\"                 alt=\"Blue Lagoon Islande (REP085_55530)\"                 title=\"Blue Lagoon Islande (REP085_55530)\" \/>                      <\/div>        <\/a>                <a  class=\"bwg-a bwg_lightbox bwg_lightbox_0\" href=\"https:\/\/photo-venturelli.com\/wp-content\/uploads\/photo-gallery\/imported_from_media_libray\/Bain-au-Secret-Lagoon-Islande-REP085_56303.jpg?bwg=1700991116\" data-image-id=\"1420\" data-elementor-open-lightbox=\"no\">          <div class=\"bwg_mosaic_thumb_spun_0 bwg-item0 bwg-mosaic-thumb-span \">            <img decoding=\"async\" class=\"bwg_mosaic_thumb_0 skip-lazy bwg_img_clear bwg_img_custom \"                 id=\"1420\"                 src=\"https:\/\/photo-venturelli.com\/wp-content\/uploads\/photo-gallery\/imported_from_media_libray\/thumb\/Bain-au-Secret-Lagoon-Islande-REP085_56303.jpg?bwg=1700991116\"                 data-src=\"https:\/\/photo-venturelli.com\/wp-content\/uploads\/photo-gallery\/imported_from_media_libray\/thumb\/Bain-au-Secret-Lagoon-Islande-REP085_56303.jpg?bwg=1700991116\"                 data-width=\"500.00\"                 data-height=\"334.00\"                 alt=\"Bain au Secret Lagoon Islande (REP085_56303)\"                 title=\"Bain au Secret Lagoon Islande (REP085_56303)\" \/>                      <\/div>        <\/a>                <a  class=\"bwg-a bwg_lightbox bwg_lightbox_0\" href=\"https:\/\/photo-venturelli.com\/wp-content\/uploads\/photo-gallery\/imported_from_media_libray\/Route-dIslande-REP085_56028.jpg?bwg=1700991116\" data-image-id=\"1426\" data-elementor-open-lightbox=\"no\">          <div class=\"bwg_mosaic_thumb_spun_0 bwg-item0 bwg-mosaic-thumb-span \">            <img decoding=\"async\" class=\"bwg_mosaic_thumb_0 skip-lazy bwg_img_clear bwg_img_custom \"                 id=\"1426\"                 src=\"https:\/\/photo-venturelli.com\/wp-content\/uploads\/photo-gallery\/imported_from_media_libray\/thumb\/Route-dIslande-REP085_56028.jpg?bwg=1700991116\"                 data-src=\"https:\/\/photo-venturelli.com\/wp-content\/uploads\/photo-gallery\/imported_from_media_libray\/thumb\/Route-dIslande-REP085_56028.jpg?bwg=1700991116\"                 data-width=\"500.00\"                 data-height=\"334.00\"                 alt=\"Route d&#039;Islande (REP085_56028)\"                 title=\"Route d&#039;Islande (REP085_56028)\" \/>                      <\/div>        <\/a>                <a  class=\"bwg-a bwg_lightbox bwg_lightbox_0\" href=\"https:\/\/photo-venturelli.com\/wp-content\/uploads\/photo-gallery\/imported_from_media_libray\/Parc-national-de-Tingvellir-Islande-REP085_56057.jpg?bwg=1700991116\" data-image-id=\"1435\" data-elementor-open-lightbox=\"no\">          <div class=\"bwg_mosaic_thumb_spun_0 bwg-item0 bwg-mosaic-thumb-span \">            <img decoding=\"async\" class=\"bwg_mosaic_thumb_0 skip-lazy bwg_img_clear bwg_img_custom \"                 id=\"1435\"                 src=\"https:\/\/photo-venturelli.com\/wp-content\/uploads\/photo-gallery\/imported_from_media_libray\/thumb\/Parc-national-de-Tingvellir-Islande-REP085_56057.jpg?bwg=1700991116\"                 data-src=\"https:\/\/photo-venturelli.com\/wp-content\/uploads\/photo-gallery\/imported_from_media_libray\/thumb\/Parc-national-de-Tingvellir-Islande-REP085_56057.jpg?bwg=1700991116\"                 data-width=\"500.00\"                 data-height=\"334.00\"                 alt=\"Parc national de Tingvellir Islande (REP085_56057)\"                 title=\"Parc national de Tingvellir Islande (REP085_56057)\" \/>                      <\/div>        <\/a>                <a  class=\"bwg-a bwg_lightbox bwg_lightbox_0\" href=\"https:\/\/photo-venturelli.com\/wp-content\/uploads\/photo-gallery\/imported_from_media_libray\/Parc-national-de-Tingvellir-Islande-REP085_56110.jpg?bwg=1700991116\" data-image-id=\"1433\" data-elementor-open-lightbox=\"no\">          <div class=\"bwg_mosaic_thumb_spun_0 bwg-item0 bwg-mosaic-thumb-span \">            <img decoding=\"async\" class=\"bwg_mosaic_thumb_0 skip-lazy bwg_img_clear bwg_img_custom \"                 id=\"1433\"                 src=\"https:\/\/photo-venturelli.com\/wp-content\/uploads\/photo-gallery\/imported_from_media_libray\/thumb\/Parc-national-de-Tingvellir-Islande-REP085_56110.jpg?bwg=1700991116\"                 data-src=\"https:\/\/photo-venturelli.com\/wp-content\/uploads\/photo-gallery\/imported_from_media_libray\/thumb\/Parc-national-de-Tingvellir-Islande-REP085_56110.jpg?bwg=1700991116\"                 data-width=\"500.00\"                 data-height=\"334.00\"                 alt=\"Parc national de Tingvellir Islande (REP085_56110)\"                 title=\"Parc national de Tingvellir Islande (REP085_56110)\" \/>                      <\/div>        <\/a>                <a  class=\"bwg-a bwg_lightbox bwg_lightbox_0\" href=\"https:\/\/photo-venturelli.com\/wp-content\/uploads\/photo-gallery\/imported_from_media_libray\/Route-dIslande-REP085_56188.jpg?bwg=1700991116\" data-image-id=\"1425\" data-elementor-open-lightbox=\"no\">          <div class=\"bwg_mosaic_thumb_spun_0 bwg-item0 bwg-mosaic-thumb-span \">            <img decoding=\"async\" class=\"bwg_mosaic_thumb_0 skip-lazy bwg_img_clear bwg_img_custom \"                 id=\"1425\"                 src=\"https:\/\/photo-venturelli.com\/wp-content\/uploads\/photo-gallery\/imported_from_media_libray\/thumb\/Route-dIslande-REP085_56188.jpg?bwg=1700991116\"                 data-src=\"https:\/\/photo-venturelli.com\/wp-content\/uploads\/photo-gallery\/imported_from_media_libray\/thumb\/Route-dIslande-REP085_56188.jpg?bwg=1700991116\"                 data-width=\"500.00\"                 data-height=\"334.00\"                 alt=\"Route d&#039;Islande (REP085_56188)\"                 title=\"Route d&#039;Islande (REP085_56188)\" \/>                      <\/div>        <\/a>                <a  class=\"bwg-a bwg_lightbox bwg_lightbox_0\" href=\"https:\/\/photo-venturelli.com\/wp-content\/uploads\/photo-gallery\/imported_from_media_libray\/Aurore-boreale-Reykjavik-REP085_56879.jpg?bwg=1700991116\" data-image-id=\"1422\" data-elementor-open-lightbox=\"no\">          <div class=\"bwg_mosaic_thumb_spun_0 bwg-item0 bwg-mosaic-thumb-span \">            <img decoding=\"async\" class=\"bwg_mosaic_thumb_0 skip-lazy bwg_img_clear bwg_img_custom \"                 id=\"1422\"                 src=\"https:\/\/photo-venturelli.com\/wp-content\/uploads\/photo-gallery\/imported_from_media_libray\/thumb\/Aurore-boreale-Reykjavik-REP085_56879.jpg?bwg=1700991116\"                 data-src=\"https:\/\/photo-venturelli.com\/wp-content\/uploads\/photo-gallery\/imported_from_media_libray\/thumb\/Aurore-boreale-Reykjavik-REP085_56879.jpg?bwg=1700991116\"                 data-width=\"500.00\"                 data-height=\"334.00\"                 alt=\"Aurore bor\u00e9ale Reykjavik (REP085_56879)\"                 title=\"Aurore bor\u00e9ale Reykjavik (REP085_56879)\" \/>                      <\/div>        <\/a>                <a  class=\"bwg-a bwg_lightbox bwg_lightbox_0\" href=\"https:\/\/photo-venturelli.com\/wp-content\/uploads\/photo-gallery\/imported_from_media_libray\/Aurore-boreale-Reykjavik-REP085_56903.jpg?bwg=1700991116\" data-image-id=\"1421\" data-elementor-open-lightbox=\"no\">          <div class=\"bwg_mosaic_thumb_spun_0 bwg-item0 bwg-mosaic-thumb-span \">            <img decoding=\"async\" class=\"bwg_mosaic_thumb_0 skip-lazy bwg_img_clear bwg_img_custom \"                 id=\"1421\"                 src=\"https:\/\/photo-venturelli.com\/wp-content\/uploads\/photo-gallery\/imported_from_media_libray\/thumb\/Aurore-boreale-Reykjavik-REP085_56903.jpg?bwg=1700991116\"                 data-src=\"https:\/\/photo-venturelli.com\/wp-content\/uploads\/photo-gallery\/imported_from_media_libray\/thumb\/Aurore-boreale-Reykjavik-REP085_56903.jpg?bwg=1700991116\"                 data-width=\"500.00\"                 data-height=\"334.00\"                 alt=\"Aurore bor\u00e9ale Reykjavik (REP085_56903)\"                 title=\"Aurore bor\u00e9ale Reykjavik (REP085_56903)\" \/>                      <\/div>        <\/a>                <a  class=\"bwg-a bwg_lightbox bwg_lightbox_0\" href=\"https:\/\/photo-venturelli.com\/wp-content\/uploads\/photo-gallery\/imported_from_media_libray\/Joging-du-1er-janvier-Reykjavik-REP085_55880.jpg?bwg=1700991116\" data-image-id=\"1436\" data-elementor-open-lightbox=\"no\">          <div class=\"bwg_mosaic_thumb_spun_0 bwg-item0 bwg-mosaic-thumb-span \">            <img decoding=\"async\" class=\"bwg_mosaic_thumb_0 skip-lazy bwg_img_clear bwg_img_custom \"                 id=\"1436\"                 src=\"https:\/\/photo-venturelli.com\/wp-content\/uploads\/photo-gallery\/imported_from_media_libray\/thumb\/Joging-du-1er-janvier-Reykjavik-REP085_55880.jpg?bwg=1700991116\"                 data-src=\"https:\/\/photo-venturelli.com\/wp-content\/uploads\/photo-gallery\/imported_from_media_libray\/thumb\/Joging-du-1er-janvier-Reykjavik-REP085_55880.jpg?bwg=1700991116\"                 data-width=\"500.00\"                 data-height=\"334.00\"                 alt=\"Joging du 1er janvier Reykjavik (REP085_55880)\"                 title=\"Joging du 1er janvier Reykjavik (REP085_55880)\" \/>                      <\/div>        <\/a>                <a  class=\"bwg-a bwg_lightbox bwg_lightbox_0\" href=\"https:\/\/photo-venturelli.com\/wp-content\/uploads\/photo-gallery\/imported_from_media_libray\/Parc-national-de-Tingvellir-Islande-REP085_56091.jpg?bwg=1700991116\" data-image-id=\"1434\" data-elementor-open-lightbox=\"no\">          <div class=\"bwg_mosaic_thumb_spun_0 bwg-item0 bwg-mosaic-thumb-span \">            <img decoding=\"async\" class=\"bwg_mosaic_thumb_0 skip-lazy bwg_img_clear bwg_img_custom \"                 id=\"1434\"                 src=\"https:\/\/photo-venturelli.com\/wp-content\/uploads\/photo-gallery\/imported_from_media_libray\/thumb\/Parc-national-de-Tingvellir-Islande-REP085_56091.jpg?bwg=1700991116\"                 data-src=\"https:\/\/photo-venturelli.com\/wp-content\/uploads\/photo-gallery\/imported_from_media_libray\/thumb\/Parc-national-de-Tingvellir-Islande-REP085_56091.jpg?bwg=1700991116\"                 data-width=\"500.00\"                 data-height=\"334.00\"                 alt=\"Parc national de Tingvellir Islande (REP085_56091)\"                 title=\"Parc national de Tingvellir Islande (REP085_56091)\" \/>                      <\/div>        <\/a>                <a  class=\"bwg-a bwg_lightbox bwg_lightbox_0\" href=\"https:\/\/photo-venturelli.com\/wp-content\/uploads\/photo-gallery\/imported_from_media_libray\/Parc-national-de-Tingvellir-Islande-REP085_56126.jpg?bwg=1700991116\" data-image-id=\"1432\" data-elementor-open-lightbox=\"no\">          <div class=\"bwg_mosaic_thumb_spun_0 bwg-item0 bwg-mosaic-thumb-span \">            <img decoding=\"async\" class=\"bwg_mosaic_thumb_0 skip-lazy bwg_img_clear bwg_img_custom \"                 id=\"1432\"                 src=\"https:\/\/photo-venturelli.com\/wp-content\/uploads\/photo-gallery\/imported_from_media_libray\/thumb\/Parc-national-de-Tingvellir-Islande-REP085_56126.jpg?bwg=1700991116\"                 data-src=\"https:\/\/photo-venturelli.com\/wp-content\/uploads\/photo-gallery\/imported_from_media_libray\/thumb\/Parc-national-de-Tingvellir-Islande-REP085_56126.jpg?bwg=1700991116\"                 data-width=\"500.00\"                 data-height=\"334.00\"                 alt=\"Parc national de Tingvellir Islande (REP085_56126)\"                 title=\"Parc national de Tingvellir Islande (REP085_56126)\" \/>                      <\/div>        <\/a>                <a  class=\"bwg-a bwg_lightbox bwg_lightbox_0\" href=\"https:\/\/photo-venturelli.com\/wp-content\/uploads\/photo-gallery\/imported_from_media_libray\/Velo-decoration-Reykjavik-REP085_55992.jpg?bwg=1700991116\" data-image-id=\"1423\" data-elementor-open-lightbox=\"no\">          <div class=\"bwg_mosaic_thumb_spun_0 bwg-item0 bwg-mosaic-thumb-span \">            <img decoding=\"async\" class=\"bwg_mosaic_thumb_0 skip-lazy bwg_img_clear bwg_img_custom \"                 id=\"1423\"                 src=\"https:\/\/photo-venturelli.com\/wp-content\/uploads\/photo-gallery\/imported_from_media_libray\/thumb\/Velo-decoration-Reykjavik-REP085_55992.jpg?bwg=1700991116\"                 data-src=\"https:\/\/photo-venturelli.com\/wp-content\/uploads\/photo-gallery\/imported_from_media_libray\/thumb\/Velo-decoration-Reykjavik-REP085_55992.jpg?bwg=1700991116\"                 data-width=\"500.00\"                 data-height=\"334.00\"                 alt=\"V\u00e9lo d\u00e9coration Reykjavik (REP085_55992)\"                 title=\"V\u00e9lo d\u00e9coration Reykjavik (REP085_55992)\" \/>                      <\/div>        <\/a>                <a  class=\"bwg-a bwg_lightbox bwg_lightbox_0\" href=\"https:\/\/photo-venturelli.com\/wp-content\/uploads\/photo-gallery\/imported_from_media_libray\/Port-de-Reykjavik-REP085_55970.jpg?bwg=1700991116\" data-image-id=\"1430\" data-elementor-open-lightbox=\"no\">          <div class=\"bwg_mosaic_thumb_spun_0 bwg-item0 bwg-mosaic-thumb-span \">            <img decoding=\"async\" class=\"bwg_mosaic_thumb_0 skip-lazy bwg_img_clear bwg_img_custom \"                 id=\"1430\"                 src=\"https:\/\/photo-venturelli.com\/wp-content\/uploads\/photo-gallery\/imported_from_media_libray\/thumb\/Port-de-Reykjavik-REP085_55970.jpg?bwg=1700991116\"                 data-src=\"https:\/\/photo-venturelli.com\/wp-content\/uploads\/photo-gallery\/imported_from_media_libray\/thumb\/Port-de-Reykjavik-REP085_55970.jpg?bwg=1700991116\"                 data-width=\"500.00\"                 data-height=\"334.00\"                 alt=\"Port de Reykjavik (REP085_55970)\"                 title=\"Port de Reykjavik (REP085_55970)\" \/>                      <\/div>        <\/a>                <a  class=\"bwg-a bwg_lightbox bwg_lightbox_0\" href=\"https:\/\/photo-venturelli.com\/wp-content\/uploads\/photo-gallery\/imported_from_media_libray\/Port-de-Reykjavik-REP085_55933.jpg?bwg=1700991116\" data-image-id=\"1431\" data-elementor-open-lightbox=\"no\">          <div class=\"bwg_mosaic_thumb_spun_0 bwg-item0 bwg-mosaic-thumb-span \">            <img decoding=\"async\" class=\"bwg_mosaic_thumb_0 skip-lazy bwg_img_clear bwg_img_custom \"                 id=\"1431\"                 src=\"https:\/\/photo-venturelli.com\/wp-content\/uploads\/photo-gallery\/imported_from_media_libray\/thumb\/Port-de-Reykjavik-REP085_55933.jpg?bwg=1700991116\"                 data-src=\"https:\/\/photo-venturelli.com\/wp-content\/uploads\/photo-gallery\/imported_from_media_libray\/thumb\/Port-de-Reykjavik-REP085_55933.jpg?bwg=1700991116\"                 data-width=\"500.00\"                 data-height=\"334.00\"                 alt=\"Port de Reykjavik (REP085_55933)\"                 title=\"Port de Reykjavik (REP085_55933)\" \/>                      <\/div>        <\/a>                <a  class=\"bwg-a bwg_lightbox bwg_lightbox_0\" href=\"https:\/\/photo-venturelli.com\/wp-content\/uploads\/photo-gallery\/imported_from_media_libray\/Harpa-Reykjavik-REP085_56546.jpg?bwg=1700991116\" data-image-id=\"1437\" data-elementor-open-lightbox=\"no\">          <div class=\"bwg_mosaic_thumb_spun_0 bwg-item0 bwg-mosaic-thumb-span \">            <img decoding=\"async\" class=\"bwg_mosaic_thumb_0 skip-lazy bwg_img_clear bwg_img_custom \"                 id=\"1437\"                 src=\"https:\/\/photo-venturelli.com\/wp-content\/uploads\/photo-gallery\/imported_from_media_libray\/thumb\/Harpa-Reykjavik-REP085_56546.jpg?bwg=1700991116\"                 data-src=\"https:\/\/photo-venturelli.com\/wp-content\/uploads\/photo-gallery\/imported_from_media_libray\/thumb\/Harpa-Reykjavik-REP085_56546.jpg?bwg=1700991116\"                 data-width=\"500.00\"                 data-height=\"334.00\"                 alt=\"Harpa - Reykjavik (REP085_56546)\"                 title=\"Harpa - Reykjavik (REP085_56546)\" \/>                      <\/div>        <\/a>            <\/div>    <\/div>    <style>      \/*pagination styles*\/      #bwg_container1_0 #bwg_container2_0 .tablenav-pages_0 {\t\t\t\ttext-align: center;\t\t\t\tfont-size: 12px;\t\t\t\tfont-family: Ubuntu;\t\t\t\tfont-weight: bold;\t\t\t\tcolor: #666666;\t\t\t\tmargin: 6px 0 4px;\t\t\t\tdisplay: block;      }      @media only screen and (max-width : 320px) {      #bwg_container1_0 #bwg_container2_0 .displaying-num_0 {     \t display: none;      }      }      #bwg_container1_0 #bwg_container2_0 .displaying-num_0 {\t\t\t\tfont-size: 12px;\t\t\t\tfont-family: Ubuntu;\t\t\t\tfont-weight: bold;\t\t\t\tcolor: #666666;\t\t\t\tmargin-right: 10px;\t\t\t\tvertical-align: middle;      }      #bwg_container1_0 #bwg_container2_0 .paging-input_0 {\t\t\t\tfont-size: 12px;\t\t\t\tfont-family: Ubuntu;\t\t\t\tfont-weight: bold;\t\t\t\tcolor: #666666;\t\t\t\tvertical-align: middle;      }      #bwg_container1_0 #bwg_container2_0 .tablenav-pages_0 a.disabled,      #bwg_container1_0 #bwg_container2_0 .tablenav-pages_0 a.disabled:hover,      #bwg_container1_0 #bwg_container2_0 .tablenav-pages_0 a.disabled:focus,\t\t\t#bwg_container1_0 #bwg_container2_0 .tablenav-pages_0 input.bwg_current_page {\t\t\t\tcursor: default;\t\t\t\tcolor: rgba(102, 102, 102, 0.5);      }      #bwg_container1_0 #bwg_container2_0 .tablenav-pages_0 a,      #bwg_container1_0 #bwg_container2_0 .tablenav-pages_0 input.bwg_current_page {\t\t\t\tcursor: pointer;\t\t\t\ttext-align: center;\t\t\t\tfont-size: 12px;\t\t\t\tfont-family: Ubuntu;\t\t\t\tfont-weight: bold;\t\t\t\tcolor: #666666;\t\t\t\ttext-decoration: none;\t\t\t\tpadding: 3px 6px;\t\t\t\tmargin: 0;\t\t\t\tborder-radius: 0;\t\t\t\tborder-style: none;\t\t\t\tborder-width: 1px;\t\t\t\tborder-color: #E3E3E3;\t\t\t\t\t\t\t\tbackground-color: rgba(252, 252, 252, 1.00);\t\t\t\tbox-shadow: 0;\t\t\t\ttransition: all 0.3s ease 0s;-webkit-transition: all 0.3s ease 0s;      }      <\/style>      <span class=\"bwg_nav_cont_0\">              <div class=\"tablenav-pages_0\">                  <\/div>                <input type=\"hidden\" id=\"page_number_0\" name=\"page_number_0\" value=\"1\" \/>      <script type=\"text\/javascript\">        if( jQuery('.bwg_nav_cont_0').length > 1 ) {          jQuery('.bwg_nav_cont_0').first().remove()        }        function spider_page_0(cur, x, y, load_more) {          if (typeof load_more == \"undefined\") {            var load_more = false;          }          if (jQuery(cur).hasClass('disabled')) {            return false;          }          var items_county_0 = 1;          switch (y) {            case 1:              if (x >= items_county_0) {                document.getElementById('page_number_0').value = items_county_0;              }              else {                document.getElementById('page_number_0').value = x + 1;              }              break;            case 2:              document.getElementById('page_number_0').value = items_county_0;              break;            case -1:              if (x == 1) {                document.getElementById('page_number_0').value = 1;              }              else {                document.getElementById('page_number_0').value = x - 1;              }              break;            case -2:              document.getElementById('page_number_0').value = 1;              break;\t\t\t\t\t\tcase 0:              document.getElementById('page_number_0').value = x;              break;            default:              document.getElementById('page_number_0').value = 1;          }          bwg_ajax('gal_front_form_0', '0', 'bwg_thumbnails_mosaic_0', '0', '', 'gallery', 0, '', '', load_more, '', 1);        }                    jQuery('.first-page-0').on('click', function () {              spider_page_0(this, 1, -2, 'numeric');              return false;            });            jQuery('.prev-page-0').on('click', function () {              spider_page_0(this, 1, -1, 'numeric');              return false;            });            jQuery('.next-page-0').on('click', function () {              spider_page_0(this, 1, 1, 'numeric');              return false;            });            jQuery('.last-page-0').on('click', function () {              spider_page_0(this, 1, 2, 'numeric');              return false;            });        \t\t\t\t\/* Change page on input enter. *\/        function bwg_change_page_0( e, that ) {          if (  e.key == 'Enter' ) {            var to_page = parseInt(jQuery(that).val());            var pages_count = jQuery(that).parents(\".pagination-links\").data(\"pages-count\");            var current_url_param = jQuery(that).attr('data-url-info');            if (to_page > pages_count) {              to_page = 1;            }\t \t\t\t\t\t\t\t\t\t\t\t\tspider_page_0(this, to_page, 0, 'numeric');\t\t\t\t\t\t\treturn false;\t\t\t\t\t\t          }          return true;        }        jQuery('.bwg_load_btn_0').on('click', function () {            spider_page_0(this, 1, 1, true);            return false;        });      <\/script>      <\/span>                <\/div>        <\/form>        <style>          #bwg_container1_0 #bwg_container2_0 #spider_popup_overlay_0 {          background-color: #000000;          opacity: 0.70;          }          <\/style>        <div id=\"bwg_spider_popup_loading_0\" class=\"bwg_spider_popup_loading\"><\/div>        <div id=\"spider_popup_overlay_0\" class=\"spider_popup_overlay\" onclick=\"spider_destroypopup(1000)\"><\/div>        <input type=\"hidden\" id=\"bwg_random_seed_0\" value=\"20329259\">                <\/div>    <\/div>    <script>      if (document.readyState === 'complete') {        if( typeof bwg_main_ready == 'function' ) {          if ( jQuery(\"#bwg_container1_0\").height() ) {            bwg_main_ready(jQuery(\"#bwg_container1_0\"));          }        }      } else {        document.addEventListener('DOMContentLoaded', function() {          if( typeof bwg_main_ready == 'function' ) {            if ( jQuery(\"#bwg_container1_0\").height() ) {             bwg_main_ready(jQuery(\"#bwg_container1_0\"));            }          }        });      }    <\/script>    \n","protected":false},"excerpt":{"rendered":"<p>Reykjavik, the world&#8217;s northernmost capital, is the jewel of Iceland, an island of mineral landsc apes as majestic as they are mysterious. <\/p>\n","protected":false},"author":4,"featured_media":7374,"comment_status":"closed","ping_status":"closed","sticky":false,"template":"","format":"standard","meta":{"_kad_post_transparent":"","_kad_post_title":"","_kad_post_layout":"","_kad_post_sidebar_id":"","_kad_post_content_style":"","_kad_post_vertical_padding":"","_kad_post_feature":"","_kad_post_feature_position":"","_kad_post_header":false,"_kad_post_footer":false,"_kad_post_classname":"","footnotes":""},"categories":[542],"tags":[710,713,712,711,714,707,708,709],"class_list":["post-10739","post","type-post","status-publish","format-standard","has-post-thumbnail","hentry","category-travel","tag-aurora-borealis-en","tag-geyser-en","tag-gulfoss-en","tag-harpa-en","tag-iceland","tag-reykjavik-en","tag-solfar-en","tag-tingvellir-en"],"_links":{"self":[{"href":"https:\/\/photo-venturelli.com\/en\/wp-json\/wp\/v2\/posts\/10739","targetHints":{"allow":["GET"]}}],"collection":[{"href":"https:\/\/photo-venturelli.com\/en\/wp-json\/wp\/v2\/posts"}],"about":[{"href":"https:\/\/photo-venturelli.com\/en\/wp-json\/wp\/v2\/types\/post"}],"author":[{"embeddable":true,"href":"https:\/\/photo-venturelli.com\/en\/wp-json\/wp\/v2\/users\/4"}],"replies":[{"embeddable":true,"href":"https:\/\/photo-venturelli.com\/en\/wp-json\/wp\/v2\/comments?post=10739"}],"version-history":[{"count":1,"href":"https:\/\/photo-venturelli.com\/en\/wp-json\/wp\/v2\/posts\/10739\/revisions"}],"predecessor-version":[{"id":10740,"href":"https:\/\/photo-venturelli.com\/en\/wp-json\/wp\/v2\/posts\/10739\/revisions\/10740"}],"wp:featuredmedia":[{"embeddable":true,"href":"https:\/\/photo-venturelli.com\/en\/wp-json\/wp\/v2\/media\/7374"}],"wp:attachment":[{"href":"https:\/\/photo-venturelli.com\/en\/wp-json\/wp\/v2\/media?parent=10739"}],"wp:term":[{"taxonomy":"category","embeddable":true,"href":"https:\/\/photo-venturelli.com\/en\/wp-json\/wp\/v2\/categories?post=10739"},{"taxonomy":"post_tag","embeddable":true,"href":"https:\/\/photo-venturelli.com\/en\/wp-json\/wp\/v2\/tags?post=10739"}],"curies":[{"name":"wp","href":"https:\/\/api.w.org\/{rel}","templated":true}]}}