{"id":10766,"date":"2023-10-27T17:19:21","date_gmt":"2023-10-27T15:19:21","guid":{"rendered":"https:\/\/photo-venturelli.com\/prague-magic-and-romance\/"},"modified":"2025-12-15T15:53:47","modified_gmt":"2025-12-15T14:53:47","slug":"prague-magic-and-romance","status":"publish","type":"post","link":"https:\/\/photo-venturelli.com\/en\/prague-magic-and-romance\/","title":{"rendered":"Prague, magic and romance."},"content":{"rendered":"\n<p>Prague, the capital of the Czech Republic in the heart of Bohemia, is a city that enchants visitors with its romantic charm and captivating history. Nicknamed the \u201cCity of a Hundred Spires\u201d or the \u201cGolden City\u201d, Prague exudes romance around every corner. When we think of Prague, we often imagine the cobbled streets of the historic Old Town district. The colorful facades of the buildings, majestic Gothic churches and lively squares create an enchanting atmosphere, perfect for a romantic getaway. A stroll across the 14th-century Charles Bridge at dusk, under the city&#8217;s twinkling lights, is an unforgettable experience for couples. But Prague&#8217;s romance is not limited to its architecture. The Vltava, the river that runs through the city, offers sensational panoramic views and cruises to admire the sunset over Prague&#8217;s rooftops while enjoying a candlelit dinner<strong>.<\/strong>      <\/p>\n<div class=\"wp-block-image\">\n<figure class=\"aligncenter size-full\"><img fetchpriority=\"high\" decoding=\"async\" width=\"800\" height=\"534\" src=\"https:\/\/photo-venturelli.com\/wp-content\/uploads\/2023\/10\/2-Prague-REP082_49582.jpg\" alt=\"\" class=\"wp-image-2283\" srcset=\"https:\/\/photo-venturelli.com\/wp-content\/uploads\/2023\/10\/2-Prague-REP082_49582.jpg 800w, https:\/\/photo-venturelli.com\/wp-content\/uploads\/2023\/10\/2-Prague-REP082_49582-300x200.jpg 300w, https:\/\/photo-venturelli.com\/wp-content\/uploads\/2023\/10\/2-Prague-REP082_49582-768x513.jpg 768w\" sizes=\"(max-width: 800px) 100vw, 800px\" \/><\/figure>\n<\/div>\n<p>Prague&#8217;s history is as fascinating as its romantic ambience. Founded over a thousand years ago, the city has witnessed many eras and events that have helped shape its unique character. Prague Castle, one of the world&#8217;s largest castle complexes, has been the seat of kings and emperors, and continues to impress with its imposing architecture<strong>.<\/strong>  <\/p>\n<div class=\"wp-block-image\">\n<figure class=\"aligncenter size-full\"><img decoding=\"async\" width=\"800\" height=\"534\" src=\"https:\/\/photo-venturelli.com\/wp-content\/uploads\/2023\/10\/2-Les-toits-de-Prague-REP082_49746.jpg\" alt=\"\" class=\"wp-image-2282\" srcset=\"https:\/\/photo-venturelli.com\/wp-content\/uploads\/2023\/10\/2-Les-toits-de-Prague-REP082_49746.jpg 800w, https:\/\/photo-venturelli.com\/wp-content\/uploads\/2023\/10\/2-Les-toits-de-Prague-REP082_49746-300x200.jpg 300w, https:\/\/photo-venturelli.com\/wp-content\/uploads\/2023\/10\/2-Les-toits-de-Prague-REP082_49746-768x513.jpg 768w\" sizes=\"(max-width: 800px) 100vw, 800px\" \/><\/figure>\n<\/div>\n<p>The Charles Bridge, whose statues watch you as you walk, has seen countless generations of Pragois and visitors pass by. It has witnessed many love stories over the centuries. It is said that touching the statue of St. John Nepomuk, located on the bridge, brings good luck in love. Another romantic spot in Prague is the Mal\u00e1 Strana district, with its narrow streets and Baroque houses. The gardens of the Wallenstein Palace offer breathtaking views over the city and are a popular rendezvous for lovers. Prague&#8217;s many picturesque caf\u00e9s and restaurants are perfect for sampling typical cuisine accompanied by the world-famous Czech beer.     <\/p>\n\n<figure class=\"wp-block-gallery has-nested-images columns-default is-cropped wp-block-gallery-1 is-layout-flex wp-block-gallery-is-layout-flex\" style=\"padding-right:var(--wp--preset--spacing--20);padding-left:var(--wp--preset--spacing--20)\">\n<figure class=\"wp-block-image size-large\"><img decoding=\"async\" width=\"800\" height=\"534\" data-id=\"2280\" src=\"https:\/\/photo-venturelli.com\/wp-content\/uploads\/2023\/10\/2-Canal-Prague-REP082_49580.jpg\" alt=\"\" class=\"wp-image-2280\" srcset=\"https:\/\/photo-venturelli.com\/wp-content\/uploads\/2023\/10\/2-Canal-Prague-REP082_49580.jpg 800w, https:\/\/photo-venturelli.com\/wp-content\/uploads\/2023\/10\/2-Canal-Prague-REP082_49580-300x200.jpg 300w, https:\/\/photo-venturelli.com\/wp-content\/uploads\/2023\/10\/2-Canal-Prague-REP082_49580-768x513.jpg 768w\" sizes=\"(max-width: 800px) 100vw, 800px\" \/><\/figure>\n\n\n\n<figure class=\"wp-block-image size-large\"><img loading=\"lazy\" decoding=\"async\" width=\"800\" height=\"534\" data-id=\"2284\" src=\"https:\/\/photo-venturelli.com\/wp-content\/uploads\/2023\/10\/2-Tram-dans-le-centre-ville-Prague-REP082_50224.jpg\" alt=\"\" class=\"wp-image-2284\" srcset=\"https:\/\/photo-venturelli.com\/wp-content\/uploads\/2023\/10\/2-Tram-dans-le-centre-ville-Prague-REP082_50224.jpg 800w, https:\/\/photo-venturelli.com\/wp-content\/uploads\/2023\/10\/2-Tram-dans-le-centre-ville-Prague-REP082_50224-300x200.jpg 300w, https:\/\/photo-venturelli.com\/wp-content\/uploads\/2023\/10\/2-Tram-dans-le-centre-ville-Prague-REP082_50224-768x513.jpg 768w\" sizes=\"(max-width: 800px) 100vw, 800px\" \/><\/figure>\n<\/figure>\n\n<p><\/p><p class=\"western\" style=\"margin-bottom: 0.5cm\"><\/p> Prague est \u00e9galement le berceau de nombreux \u00e9crivains, artistes et musiciens c\u00e9l\u00e8bres, dont Franz Kafka et Anton\u00edn Dvo\u0159\u00e1k, mais bien d\u2019autres artistes y ont s\u00e9journ\u00e9 comme Mozart, Smetana et Beethoven. Leur h\u00e9ritage artistique contribue \u00e0 l&#8217;aura romantique de la ville (49797).\n<div class=\"wp-block-image\">\n<figure class=\"aligncenter size-full\"><img loading=\"lazy\" decoding=\"async\" width=\"800\" height=\"534\" src=\"https:\/\/photo-venturelli.com\/wp-content\/uploads\/2023\/10\/2-Culte-religieux-Prague-REP082_49797.jpg\" alt=\"\" class=\"wp-image-2281\" srcset=\"https:\/\/photo-venturelli.com\/wp-content\/uploads\/2023\/10\/2-Culte-religieux-Prague-REP082_49797.jpg 800w, https:\/\/photo-venturelli.com\/wp-content\/uploads\/2023\/10\/2-Culte-religieux-Prague-REP082_49797-300x200.jpg 300w, https:\/\/photo-venturelli.com\/wp-content\/uploads\/2023\/10\/2-Culte-religieux-Prague-REP082_49797-768x513.jpg 768w\" sizes=\"(max-width: 800px) 100vw, 800px\" \/><\/figure>\n<\/div>\n<p>Prague is much more than just a tourist destination. It&#8217;s a place where history and romance merge to create a magical atmosphere. Couples visiting Prague are bound to fall under the spell of this enchanting city and its fascinating history. Whether strolling through the medieval streets, crossing the Charles Bridge or exploring the city&#8217;s cultural treasures, Prague offers an unforgettable romantic experience. It&#8217;s a place where dreams and history meet to create precious memories that will last a lifetime.    <\/p>\n\n<p><em>Prague (Czech Republic) &#8211; April 17, 2014<\/em><\/p>\n\n<h2 class=\"wp-block-heading\">Galery<\/h2>\n\n<style id=\"bwg-style-0\">      #bwg_container1_0 #bwg_container2_0 #bwg_mosaic_thumbnails_div_0 {        width: 100%;        position: relative;        background-color: rgba(255, 255, 255, 0.00);        text-align: center;        justify-content: center;                  margin-left: auto;          margin-right: auto;                    padding-left: 4px;          padding-top: 4px;                }          #bwg_container1_0 #bwg_container2_0 .bwg_mosaic_thumb_spun_0 {        display: block;        position: absolute;\t\t\t\tborder-radius: 2px;\t\t\t\tborder: 1px none #CCCCCC;    \t\t    \t\tbackground-color:rgba(0,0,0, 0.30);        -moz-box-sizing: content-box !important;        -webkit-box-sizing: content-box !important;        box-sizing: content-box !important;      }\t\t\t#bwg_container1_0 #bwg_container2_0 .bwg_mosaic_thumb_0 {\t\t\t\tdisplay: block;\t\t\t\t-moz-box-sizing: content-box !important;\t\t\t\t-webkit-box-sizing: content-box !important;\t\t\t\tbox-sizing: content-box !important;\t\t\t\tmargin: 0;\t\t\t\topacity: 0.80;\t\t\t}      #bwg_container1_0 #bwg_container2_0 .bwg_mosaic_thumb_spun_0:hover {        opacity: 1;        backface-visibility: hidden;        -webkit-backface-visibility: hidden;        -moz-backface-visibility: hidden;        -ms-backface-visibility: hidden;        z-index: 102;      }\t      @media only screen and (min-width: 480px) {        #bwg_container1_0 #bwg_container2_0 .bwg_mosaic_thumb_spun_0:hover {          transform: rotate(2deg);          -ms-transform: rotate(2deg);          -webkit-transform: rotate(2deg);        }      }\t      #bwg_container1_0 #bwg_container2_0 .bwg_mosaic_thumbnails_0 {        background-color: rgba(255, 255, 255, 0.00);        font-size: 0;        position: relative;        text-align: center;        display: inline-block;        visibility: hidden;              }\t  \/*image title styles*\/      #bwg_container1_0 #bwg_container2_0 .bwg_mosaic_title_spun1_0,      #bwg_container1_0 #bwg_container2_0 .bwg-mosaic-thumbnails .bwg_ecommerce_spun1_0 {        position: absolute;        display: block;        opacity: 0;        box-sizing: border-box;        text-align: center;\t\t\t\ttop: 50%;\t\t\t\tleft: 50%;\t\t\t\ttransform: translate(-50%, -50%);      }      #bwg_container1_0 #bwg_container2_0 .bwg-mosaic-thumbnails .bwg_mosaic_title_spun2_0,      #bwg_container1_0 #bwg_container2_0 .bwg-mosaic-thumbnails .bwg_ecommerce_spun2_0 {\t\t    color: #323A45;        font-family: Ubuntu;        font-size: 16px;        font-weight: bold;        text-shadow: 0px 0px 0px #888888;        vertical-align: middle;        word-wrap: break-word;      }            .bwg_mosaic_play_icon_spun_0 {        display: table;        position: absolute;        left: -10000px;        top: 0px;        opacity: 0;      }      .bwg_mosaic_play_icon_0 {        color: #323A45;        font-size: 32px;        vertical-align: middle;        display: table-cell !important;        z-index: 1;        text-align: center;        margin: 0 auto;      }      #bwg_container1_0 #bwg_container2_0 .bwg_gal_title_0 {        background-color: rgba(0, 0, 0, 0);        color: #323A45;        display: block;        font-family: Ubuntu;        font-size: 16px;        font-weight: bold;        padding: 2px;        text-shadow: ;        text-align: center;      }            @media screen and (max-width: 350px) {      div[class^=\"bwg_mosaic_thumbnails_\"],      span[class^=\"bwg_mosaic_thumb_spun_\"] {      width: 100% !important;      }      img[class^=\"bwg_mosaic_thumb_\"] {      width: 100% !important;      height: auto !important;      margin: 0px auto !important;      }      }      <\/style>    <div id=\"bwg_container1_0\"         class=\"bwg_container bwg_thumbnail bwg_thumbnails_mosaic \"         data-right-click-protection=\"1\"         data-bwg=\"0\"         data-scroll=\"0\"         data-gallery-type=\"thumbnails_mosaic\"         data-gallery-view-type=\"thumbnails_mosaic\"         data-current-url=\"\/en\/wp-json\/wp\/v2\/posts\/10766\"         data-lightbox-url=\"https:\/\/photo-venturelli.com\/wp-admin\/admin-ajax.php?action=GalleryBox&#038;current_view=0&#038;gallery_id=21&#038;tag=0&#038;theme_id=2&#038;shortcode_id=141&#038;sort_by=order&#038;order_by=asc&#038;current_url=%2Fen%2Fwp-json%2Fwp%2Fv2%2Fposts%2F10766\"         data-gallery-id=\"21\"         data-popup-width=\"800\"         data-popup-height=\"500\"         data-is-album=\"gallery\"         data-buttons-position=\"bottom\">      <div id=\"bwg_container2_0\">             <div id=\"ajax_loading_0\" class=\"bwg_loading_div_1\">      <div class=\"bwg_loading_div_2\">        <div class=\"bwg_loading_div_3\">          <div id=\"loading_div_0\" class=\"bwg_spider_ajax_loading\">          <\/div>        <\/div>      <\/div>    <\/div>            <form id=\"gal_front_form_0\"              class=\"bwg-hidden\"              method=\"post\"              action=\"#\"              data-current=\"0\"              data-shortcode-id=\"141\"              data-gallery-type=\"thumbnails_mosaic\"              data-gallery-id=\"21\"              data-tag=\"0\"              data-album-id=\"0\"              data-theme-id=\"2\"              data-ajax-url=\"https:\/\/photo-venturelli.com\/wp-admin\/admin-ajax.php?action=bwg_frontend_data\">          <div id=\"bwg_container3_0\" class=\"bwg-background bwg-background-0\">                <div id=\"bwg_mosaic_thumbnails_div_0\"         class=\"bwg-container-0 bwg-container bwg-mosaic-thumbnails\"         data-bwg=\"0\"         data-mosaic-direction=\"vertical\"         data-resizable=\"0\"         data-width=\"250\"         data-height=\"250\"         data-total-width=\"100\"         data-block-id=\"bwg_thumbnails_mosaic_0\"         data-thumb-padding=\"4\"         data-thumb-border=\"1\"         data-title-margin=\"2px\"         data-image-title=\"none\"         data-play-icon=\"1\"         data-ecommerce-icon=\"none\"         data-gallery-id=\"21\"         data-lightbox-url=\"https:\/\/photo-venturelli.com\/wp-admin\/admin-ajax.php?action=GalleryBox&#038;current_view=0&#038;gallery_id=21&#038;tag=0&#038;theme_id=2&#038;shortcode_id=141&#038;sort_by=order&#038;order_by=asc&#038;current_url=%2Fen%2Fwp-json%2Fwp%2Fv2%2Fposts%2F10766\"         data-mosaic-thumb-transition=\"1\"         style=\"visibility: hidden\" >      <div id=\"bwg_thumbnails_mosaic_0\" class=\"bwg_mosaic_thumbnails_0\">                  <a  class=\"bwg-a bwg_lightbox bwg_lightbox_0\" href=\"https:\/\/photo-venturelli.com\/wp-content\/uploads\/photo-gallery\/imported_from_media_libray\/Pont-Charles-Prague-REP082_49993.jpg?bwg=1698245712\" data-image-id=\"773\" data-elementor-open-lightbox=\"no\">          <div class=\"bwg_mosaic_thumb_spun_0 bwg-item0 bwg-mosaic-thumb-span \">            <img decoding=\"async\" class=\"bwg_mosaic_thumb_0 skip-lazy bwg_img_clear bwg_img_custom \"                 id=\"773\"                 src=\"https:\/\/photo-venturelli.com\/wp-content\/uploads\/photo-gallery\/imported_from_media_libray\/thumb\/Pont-Charles-Prague-REP082_49993.jpg?bwg=1698245712\"                 data-src=\"https:\/\/photo-venturelli.com\/wp-content\/uploads\/photo-gallery\/imported_from_media_libray\/thumb\/Pont-Charles-Prague-REP082_49993.jpg?bwg=1698245712\"                 data-width=\"500.00\"                 data-height=\"334.00\"                 alt=\"Pont Charles, Prague (REP082_49993)\"                 title=\"Pont Charles, Prague (REP082_49993)\" \/>                      <\/div>        <\/a>                <a  class=\"bwg-a bwg_lightbox bwg_lightbox_0\" href=\"https:\/\/photo-venturelli.com\/wp-content\/uploads\/photo-gallery\/imported_from_media_libray\/Les-toits-de-Prague-REP082_49746.jpg?bwg=1698245711\" data-image-id=\"743\" data-elementor-open-lightbox=\"no\">          <div class=\"bwg_mosaic_thumb_spun_0 bwg-item0 bwg-mosaic-thumb-span \">            <img decoding=\"async\" class=\"bwg_mosaic_thumb_0 skip-lazy bwg_img_clear bwg_img_custom \"                 id=\"743\"                 src=\"https:\/\/photo-venturelli.com\/wp-content\/uploads\/photo-gallery\/imported_from_media_libray\/thumb\/Les-toits-de-Prague-REP082_49746.jpg?bwg=1698245711\"                 data-src=\"https:\/\/photo-venturelli.com\/wp-content\/uploads\/photo-gallery\/imported_from_media_libray\/thumb\/Les-toits-de-Prague-REP082_49746.jpg?bwg=1698245711\"                 data-width=\"500.00\"                 data-height=\"334.00\"                 alt=\"Les toits de Prague (REP082_49746)\"                 title=\"Les toits de Prague (REP082_49746)\" \/>                      <\/div>        <\/a>                <a  class=\"bwg-a bwg_lightbox bwg_lightbox_0\" href=\"https:\/\/photo-venturelli.com\/wp-content\/uploads\/photo-gallery\/imported_from_media_libray\/La-Vltava-Prague-REP082_49586.jpg?bwg=1698245711\" data-image-id=\"748\" data-elementor-open-lightbox=\"no\">          <div class=\"bwg_mosaic_thumb_spun_0 bwg-item0 bwg-mosaic-thumb-span \">            <img decoding=\"async\" class=\"bwg_mosaic_thumb_0 skip-lazy bwg_img_clear bwg_img_custom \"                 id=\"748\"                 src=\"https:\/\/photo-venturelli.com\/wp-content\/uploads\/photo-gallery\/imported_from_media_libray\/thumb\/La-Vltava-Prague-REP082_49586.jpg?bwg=1698245711\"                 data-src=\"https:\/\/photo-venturelli.com\/wp-content\/uploads\/photo-gallery\/imported_from_media_libray\/thumb\/La-Vltava-Prague-REP082_49586.jpg?bwg=1698245711\"                 data-width=\"500.00\"                 data-height=\"334.00\"                 alt=\"La Vltava Prague (REP082_49586)\"                 title=\"La Vltava Prague (REP082_49586)\" \/>                      <\/div>        <\/a>                <a  class=\"bwg-a bwg_lightbox bwg_lightbox_0\" href=\"https:\/\/photo-venturelli.com\/wp-content\/uploads\/photo-gallery\/imported_from_media_libray\/Parc-Prague-REP082_49575.jpg?bwg=1698245711\" data-image-id=\"738\" data-elementor-open-lightbox=\"no\">          <div class=\"bwg_mosaic_thumb_spun_0 bwg-item0 bwg-mosaic-thumb-span \">            <img decoding=\"async\" class=\"bwg_mosaic_thumb_0 skip-lazy bwg_img_clear bwg_img_custom \"                 id=\"738\"                 src=\"https:\/\/photo-venturelli.com\/wp-content\/uploads\/photo-gallery\/imported_from_media_libray\/thumb\/Parc-Prague-REP082_49575.jpg?bwg=1698245711\"                 data-src=\"https:\/\/photo-venturelli.com\/wp-content\/uploads\/photo-gallery\/imported_from_media_libray\/thumb\/Parc-Prague-REP082_49575.jpg?bwg=1698245711\"                 data-width=\"500.00\"                 data-height=\"334.00\"                 alt=\"Parc Prague (REP082_49575)\"                 title=\"Parc Prague (REP082_49575)\" \/>                      <\/div>        <\/a>                <a  class=\"bwg-a bwg_lightbox bwg_lightbox_0\" href=\"https:\/\/photo-venturelli.com\/wp-content\/uploads\/photo-gallery\/imported_from_media_libray\/Parc-du-Chateau-de-Prague-REP082_50103.jpg?bwg=1698245711\" data-image-id=\"739\" data-elementor-open-lightbox=\"no\">          <div class=\"bwg_mosaic_thumb_spun_0 bwg-item0 bwg-mosaic-thumb-span \">            <img decoding=\"async\" class=\"bwg_mosaic_thumb_0 skip-lazy bwg_img_clear bwg_img_custom \"                 id=\"739\"                 src=\"https:\/\/photo-venturelli.com\/wp-content\/uploads\/photo-gallery\/imported_from_media_libray\/thumb\/Parc-du-Chateau-de-Prague-REP082_50103.jpg?bwg=1698245711\"                 data-src=\"https:\/\/photo-venturelli.com\/wp-content\/uploads\/photo-gallery\/imported_from_media_libray\/thumb\/Parc-du-Chateau-de-Prague-REP082_50103.jpg?bwg=1698245711\"                 data-width=\"500.00\"                 data-height=\"334.00\"                 alt=\"Parc du Chateau de Prague (REP082_50103)\"                 title=\"Parc du Chateau de Prague (REP082_50103)\" \/>                      <\/div>        <\/a>                <a  class=\"bwg-a bwg_lightbox bwg_lightbox_0\" href=\"https:\/\/photo-venturelli.com\/wp-content\/uploads\/photo-gallery\/imported_from_media_libray\/Parc-du-Chateau-de-Prague-REP082_50089.jpg?bwg=1698245711\" data-image-id=\"740\" data-elementor-open-lightbox=\"no\">          <div class=\"bwg_mosaic_thumb_spun_0 bwg-item0 bwg-mosaic-thumb-span \">            <img decoding=\"async\" class=\"bwg_mosaic_thumb_0 skip-lazy bwg_img_clear bwg_img_custom \"                 id=\"740\"                 src=\"https:\/\/photo-venturelli.com\/wp-content\/uploads\/photo-gallery\/imported_from_media_libray\/thumb\/Parc-du-Chateau-de-Prague-REP082_50089.jpg?bwg=1698245711\"                 data-src=\"https:\/\/photo-venturelli.com\/wp-content\/uploads\/photo-gallery\/imported_from_media_libray\/thumb\/Parc-du-Chateau-de-Prague-REP082_50089.jpg?bwg=1698245711\"                 data-width=\"500.00\"                 data-height=\"334.00\"                 alt=\"Parc du Chateau de Prague (REP082_50089)\"                 title=\"Parc du Chateau de Prague (REP082_50089)\" \/>                      <\/div>        <\/a>                <a  class=\"bwg-a bwg_lightbox bwg_lightbox_0\" href=\"https:\/\/photo-venturelli.com\/wp-content\/uploads\/photo-gallery\/imported_from_media_libray\/Les-visiteurs-Prague-REP082_49698.jpg?bwg=1698245711\" data-image-id=\"741\" data-elementor-open-lightbox=\"no\">          <div class=\"bwg_mosaic_thumb_spun_0 bwg-item0 bwg-mosaic-thumb-span \">            <img decoding=\"async\" class=\"bwg_mosaic_thumb_0 skip-lazy bwg_img_clear bwg_img_custom \"                 id=\"741\"                 src=\"https:\/\/photo-venturelli.com\/wp-content\/uploads\/photo-gallery\/imported_from_media_libray\/thumb\/Les-visiteurs-Prague-REP082_49698.jpg?bwg=1698245711\"                 data-src=\"https:\/\/photo-venturelli.com\/wp-content\/uploads\/photo-gallery\/imported_from_media_libray\/thumb\/Les-visiteurs-Prague-REP082_49698.jpg?bwg=1698245711\"                 data-width=\"500.00\"                 data-height=\"334.00\"                 alt=\"Les visiteurs Prague (REP082_49698)\"                 title=\"Les visiteurs Prague (REP082_49698)\" \/>                      <\/div>        <\/a>                <a  class=\"bwg-a bwg_lightbox bwg_lightbox_0\" href=\"https:\/\/photo-venturelli.com\/wp-content\/uploads\/photo-gallery\/imported_from_media_libray\/Les-visiteurs-Prague-REP082_49520.jpg?bwg=1698245711\" data-image-id=\"742\" data-elementor-open-lightbox=\"no\">          <div class=\"bwg_mosaic_thumb_spun_0 bwg-item0 bwg-mosaic-thumb-span \">            <img decoding=\"async\" class=\"bwg_mosaic_thumb_0 skip-lazy bwg_img_clear bwg_img_custom \"                 id=\"742\"                 src=\"https:\/\/photo-venturelli.com\/wp-content\/uploads\/photo-gallery\/imported_from_media_libray\/thumb\/Les-visiteurs-Prague-REP082_49520.jpg?bwg=1698245711\"                 data-src=\"https:\/\/photo-venturelli.com\/wp-content\/uploads\/photo-gallery\/imported_from_media_libray\/thumb\/Les-visiteurs-Prague-REP082_49520.jpg?bwg=1698245711\"                 data-width=\"500.00\"                 data-height=\"334.00\"                 alt=\"Les visiteurs Prague (REP082_49520)\"                 title=\"Les visiteurs Prague (REP082_49520)\" \/>                      <\/div>        <\/a>                <a  class=\"bwg-a bwg_lightbox bwg_lightbox_0\" href=\"https:\/\/photo-venturelli.com\/wp-content\/uploads\/photo-gallery\/imported_from_media_libray\/Les-cadenas-de-Prague-REP082_49413.jpg?bwg=1698245711\" data-image-id=\"744\" data-elementor-open-lightbox=\"no\">          <div class=\"bwg_mosaic_thumb_spun_0 bwg-item0 bwg-mosaic-thumb-span \">            <img decoding=\"async\" class=\"bwg_mosaic_thumb_0 skip-lazy bwg_img_clear bwg_img_custom \"                 id=\"744\"                 src=\"https:\/\/photo-venturelli.com\/wp-content\/uploads\/photo-gallery\/imported_from_media_libray\/thumb\/Les-cadenas-de-Prague-REP082_49413.jpg?bwg=1698245711\"                 data-src=\"https:\/\/photo-venturelli.com\/wp-content\/uploads\/photo-gallery\/imported_from_media_libray\/thumb\/Les-cadenas-de-Prague-REP082_49413.jpg?bwg=1698245711\"                 data-width=\"500.00\"                 data-height=\"334.00\"                 alt=\"Les cadenas de Prague (REP082_49413)\"                 title=\"Les cadenas de Prague (REP082_49413)\" \/>                      <\/div>        <\/a>                <a  class=\"bwg-a bwg_lightbox bwg_lightbox_0\" href=\"https:\/\/photo-venturelli.com\/wp-content\/uploads\/photo-gallery\/imported_from_media_libray\/Les-amoureux-de-Prague-REP082_49511.jpg?bwg=1698245711\" data-image-id=\"745\" data-elementor-open-lightbox=\"no\">          <div class=\"bwg_mosaic_thumb_spun_0 bwg-item0 bwg-mosaic-thumb-span \">            <img decoding=\"async\" class=\"bwg_mosaic_thumb_0 skip-lazy bwg_img_clear bwg_img_custom \"                 id=\"745\"                 src=\"https:\/\/photo-venturelli.com\/wp-content\/uploads\/photo-gallery\/imported_from_media_libray\/thumb\/Les-amoureux-de-Prague-REP082_49511.jpg?bwg=1698245711\"                 data-src=\"https:\/\/photo-venturelli.com\/wp-content\/uploads\/photo-gallery\/imported_from_media_libray\/thumb\/Les-amoureux-de-Prague-REP082_49511.jpg?bwg=1698245711\"                 data-width=\"500.00\"                 data-height=\"334.00\"                 alt=\"Les amoureux de Prague (REP082_49511)\"                 title=\"Les amoureux de Prague (REP082_49511)\" \/>                      <\/div>        <\/a>                <a  class=\"bwg-a bwg_lightbox bwg_lightbox_0\" href=\"https:\/\/photo-venturelli.com\/wp-content\/uploads\/photo-gallery\/imported_from_media_libray\/Eglise-Saint-Nicolas-Prague-REP082_50187.jpg?bwg=1698245711\" data-image-id=\"753\" data-elementor-open-lightbox=\"no\">          <div class=\"bwg_mosaic_thumb_spun_0 bwg-item0 bwg-mosaic-thumb-span \">            <img decoding=\"async\" class=\"bwg_mosaic_thumb_0 skip-lazy bwg_img_clear bwg_img_custom \"                 id=\"753\"                 src=\"https:\/\/photo-venturelli.com\/wp-content\/uploads\/photo-gallery\/imported_from_media_libray\/thumb\/Eglise-Saint-Nicolas-Prague-REP082_50187.jpg?bwg=1698245711\"                 data-src=\"https:\/\/photo-venturelli.com\/wp-content\/uploads\/photo-gallery\/imported_from_media_libray\/thumb\/Eglise-Saint-Nicolas-Prague-REP082_50187.jpg?bwg=1698245711\"                 data-width=\"500.00\"                 data-height=\"334.00\"                 alt=\"Eglise Saint-Nicolas Prague (REP082_50187)\"                 title=\"Eglise Saint-Nicolas Prague (REP082_50187)\" \/>                      <\/div>        <\/a>                <a  class=\"bwg-a bwg_lightbox bwg_lightbox_0\" href=\"https:\/\/photo-venturelli.com\/wp-content\/uploads\/photo-gallery\/imported_from_media_libray\/Le-sonneur-MAZARYK-1925-Prague-REP082_50106.jpg?bwg=1698245711\" data-image-id=\"746\" data-elementor-open-lightbox=\"no\">          <div class=\"bwg_mosaic_thumb_spun_0 bwg-item0 bwg-mosaic-thumb-span \">            <img decoding=\"async\" class=\"bwg_mosaic_thumb_0 skip-lazy bwg_img_clear bwg_img_custom \"                 id=\"746\"                 src=\"https:\/\/photo-venturelli.com\/wp-content\/uploads\/photo-gallery\/imported_from_media_libray\/thumb\/Le-sonneur-MAZARYK-1925-Prague-REP082_50106.jpg?bwg=1698245711\"                 data-src=\"https:\/\/photo-venturelli.com\/wp-content\/uploads\/photo-gallery\/imported_from_media_libray\/thumb\/Le-sonneur-MAZARYK-1925-Prague-REP082_50106.jpg?bwg=1698245711\"                 data-width=\"334.00\"                 data-height=\"500.00\"                 alt=\"Le sonneur, MAZARYK, 1925 Prague (REP082_50106)\"                 title=\"Le sonneur, MAZARYK, 1925 Prague (REP082_50106)\" \/>                      <\/div>        <\/a>                <a  class=\"bwg-a bwg_lightbox bwg_lightbox_0\" href=\"https:\/\/photo-venturelli.com\/wp-content\/uploads\/photo-gallery\/imported_from_media_libray\/La-Vltava-Prague-REP082_49643.jpg?bwg=1698245711\" data-image-id=\"747\" data-elementor-open-lightbox=\"no\">          <div class=\"bwg_mosaic_thumb_spun_0 bwg-item0 bwg-mosaic-thumb-span \">            <img decoding=\"async\" class=\"bwg_mosaic_thumb_0 skip-lazy bwg_img_clear bwg_img_custom \"                 id=\"747\"                 src=\"https:\/\/photo-venturelli.com\/wp-content\/uploads\/photo-gallery\/imported_from_media_libray\/thumb\/La-Vltava-Prague-REP082_49643.jpg?bwg=1698245711\"                 data-src=\"https:\/\/photo-venturelli.com\/wp-content\/uploads\/photo-gallery\/imported_from_media_libray\/thumb\/La-Vltava-Prague-REP082_49643.jpg?bwg=1698245711\"                 data-width=\"500.00\"                 data-height=\"334.00\"                 alt=\"La Vltava Prague (REP082_49643)\"                 title=\"La Vltava Prague (REP082_49643)\" \/>                      <\/div>        <\/a>                <a  class=\"bwg-a bwg_lightbox bwg_lightbox_0\" href=\"https:\/\/photo-venturelli.com\/wp-content\/uploads\/photo-gallery\/imported_from_media_libray\/La-Vltava-Prague-REP082_49551.jpg?bwg=1698245711\" data-image-id=\"749\" data-elementor-open-lightbox=\"no\">          <div class=\"bwg_mosaic_thumb_spun_0 bwg-item0 bwg-mosaic-thumb-span \">            <img decoding=\"async\" class=\"bwg_mosaic_thumb_0 skip-lazy bwg_img_clear bwg_img_custom \"                 id=\"749\"                 src=\"https:\/\/photo-venturelli.com\/wp-content\/uploads\/photo-gallery\/imported_from_media_libray\/thumb\/La-Vltava-Prague-REP082_49551.jpg?bwg=1698245711\"                 data-src=\"https:\/\/photo-venturelli.com\/wp-content\/uploads\/photo-gallery\/imported_from_media_libray\/thumb\/La-Vltava-Prague-REP082_49551.jpg?bwg=1698245711\"                 data-width=\"500.00\"                 data-height=\"334.00\"                 alt=\"La Vltava Prague (REP082_49551)\"                 title=\"La Vltava Prague (REP082_49551)\" \/>                      <\/div>        <\/a>                <a  class=\"bwg-a bwg_lightbox bwg_lightbox_0\" href=\"https:\/\/photo-venturelli.com\/wp-content\/uploads\/photo-gallery\/imported_from_media_libray\/La-musique-sous-les-ponts-de-Prague-REP082_49423.jpg?bwg=1698245711\" data-image-id=\"750\" data-elementor-open-lightbox=\"no\">          <div class=\"bwg_mosaic_thumb_spun_0 bwg-item0 bwg-mosaic-thumb-span \">            <img decoding=\"async\" class=\"bwg_mosaic_thumb_0 skip-lazy bwg_img_clear bwg_img_custom \"                 id=\"750\"                 src=\"https:\/\/photo-venturelli.com\/wp-content\/uploads\/photo-gallery\/imported_from_media_libray\/thumb\/La-musique-sous-les-ponts-de-Prague-REP082_49423.jpg?bwg=1698245711\"                 data-src=\"https:\/\/photo-venturelli.com\/wp-content\/uploads\/photo-gallery\/imported_from_media_libray\/thumb\/La-musique-sous-les-ponts-de-Prague-REP082_49423.jpg?bwg=1698245711\"                 data-width=\"500.00\"                 data-height=\"334.00\"                 alt=\"La musique sous les ponts de Prague (REP082_49423)\"                 title=\"La musique sous les ponts de Prague (REP082_49423)\" \/>                      <\/div>        <\/a>                <a  class=\"bwg-a bwg_lightbox bwg_lightbox_0\" href=\"https:\/\/photo-venturelli.com\/wp-content\/uploads\/photo-gallery\/imported_from_media_libray\/Tram-dans-le-centre-ville-Prague-REP082_50224.jpg?bwg=1698245712\" data-image-id=\"768\" data-elementor-open-lightbox=\"no\">          <div class=\"bwg_mosaic_thumb_spun_0 bwg-item0 bwg-mosaic-thumb-span \">            <img decoding=\"async\" class=\"bwg_mosaic_thumb_0 skip-lazy bwg_img_clear bwg_img_custom \"                 id=\"768\"                 src=\"https:\/\/photo-venturelli.com\/wp-content\/uploads\/photo-gallery\/imported_from_media_libray\/thumb\/Tram-dans-le-centre-ville-Prague-REP082_50224.jpg?bwg=1698245712\"                 data-src=\"https:\/\/photo-venturelli.com\/wp-content\/uploads\/photo-gallery\/imported_from_media_libray\/thumb\/Tram-dans-le-centre-ville-Prague-REP082_50224.jpg?bwg=1698245712\"                 data-width=\"500.00\"                 data-height=\"334.00\"                 alt=\"Tram dans le centre ville Prague (REP082_50224)\"                 title=\"Tram dans le centre ville Prague (REP082_50224)\" \/>                      <\/div>        <\/a>                <a  class=\"bwg-a bwg_lightbox bwg_lightbox_0\" href=\"https:\/\/photo-venturelli.com\/wp-content\/uploads\/photo-gallery\/imported_from_media_libray\/Jour-de-pluie-REP082_49828.jpg?bwg=1698245711\" data-image-id=\"751\" data-elementor-open-lightbox=\"no\">          <div class=\"bwg_mosaic_thumb_spun_0 bwg-item0 bwg-mosaic-thumb-span \">            <img decoding=\"async\" class=\"bwg_mosaic_thumb_0 skip-lazy bwg_img_clear bwg_img_custom \"                 id=\"751\"                 src=\"https:\/\/photo-venturelli.com\/wp-content\/uploads\/photo-gallery\/imported_from_media_libray\/thumb\/Jour-de-pluie-REP082_49828.jpg?bwg=1698245711\"                 data-src=\"https:\/\/photo-venturelli.com\/wp-content\/uploads\/photo-gallery\/imported_from_media_libray\/thumb\/Jour-de-pluie-REP082_49828.jpg?bwg=1698245711\"                 data-width=\"500.00\"                 data-height=\"334.00\"                 alt=\"Jour de pluie (REP082_49828)\"                 title=\"Jour de pluie (REP082_49828)\" \/>                      <\/div>        <\/a>                <a  class=\"bwg-a bwg_lightbox bwg_lightbox_0\" href=\"https:\/\/photo-venturelli.com\/wp-content\/uploads\/photo-gallery\/imported_from_media_libray\/Garde-au-chateau-Prague-REP082_50079.jpg?bwg=1698245711\" data-image-id=\"752\" data-elementor-open-lightbox=\"no\">          <div class=\"bwg_mosaic_thumb_spun_0 bwg-item0 bwg-mosaic-thumb-span \">            <img decoding=\"async\" class=\"bwg_mosaic_thumb_0 skip-lazy bwg_img_clear bwg_img_custom \"                 id=\"752\"                 src=\"https:\/\/photo-venturelli.com\/wp-content\/uploads\/photo-gallery\/imported_from_media_libray\/thumb\/Garde-au-chateau-Prague-REP082_50079.jpg?bwg=1698245711\"                 data-src=\"https:\/\/photo-venturelli.com\/wp-content\/uploads\/photo-gallery\/imported_from_media_libray\/thumb\/Garde-au-chateau-Prague-REP082_50079.jpg?bwg=1698245711\"                 data-width=\"334.00\"                 data-height=\"500.00\"                 alt=\"Garde au chateau Prague (REP082_50079)\"                 title=\"Garde au chateau Prague (REP082_50079)\" \/>                      <\/div>        <\/a>                <a  class=\"bwg-a bwg_lightbox bwg_lightbox_0\" href=\"https:\/\/photo-venturelli.com\/wp-content\/uploads\/photo-gallery\/imported_from_media_libray\/Eglise-Saint-Nicolas-Prague-REP082_49394.jpg?bwg=1698245711\" data-image-id=\"754\" data-elementor-open-lightbox=\"no\">          <div class=\"bwg_mosaic_thumb_spun_0 bwg-item0 bwg-mosaic-thumb-span \">            <img decoding=\"async\" class=\"bwg_mosaic_thumb_0 skip-lazy bwg_img_clear bwg_img_custom \"                 id=\"754\"                 src=\"https:\/\/photo-venturelli.com\/wp-content\/uploads\/photo-gallery\/imported_from_media_libray\/thumb\/Eglise-Saint-Nicolas-Prague-REP082_49394.jpg?bwg=1698245711\"                 data-src=\"https:\/\/photo-venturelli.com\/wp-content\/uploads\/photo-gallery\/imported_from_media_libray\/thumb\/Eglise-Saint-Nicolas-Prague-REP082_49394.jpg?bwg=1698245711\"                 data-width=\"500.00\"                 data-height=\"334.00\"                 alt=\"Eglise Saint-Nicolas Prague (REP082_49394)\"                 title=\"Eglise Saint-Nicolas Prague (REP082_49394)\" \/>                      <\/div>        <\/a>                <a  class=\"bwg-a bwg_lightbox bwg_lightbox_0\" href=\"https:\/\/photo-venturelli.com\/wp-content\/uploads\/photo-gallery\/imported_from_media_libray\/Eglise-Saint-Nicolas-Prague-REP082_49388.jpg?bwg=1698245711\" data-image-id=\"755\" data-elementor-open-lightbox=\"no\">          <div class=\"bwg_mosaic_thumb_spun_0 bwg-item0 bwg-mosaic-thumb-span \">            <img decoding=\"async\" class=\"bwg_mosaic_thumb_0 skip-lazy bwg_img_clear bwg_img_custom \"                 id=\"755\"                 src=\"https:\/\/photo-venturelli.com\/wp-content\/uploads\/photo-gallery\/imported_from_media_libray\/thumb\/Eglise-Saint-Nicolas-Prague-REP082_49388.jpg?bwg=1698245711\"                 data-src=\"https:\/\/photo-venturelli.com\/wp-content\/uploads\/photo-gallery\/imported_from_media_libray\/thumb\/Eglise-Saint-Nicolas-Prague-REP082_49388.jpg?bwg=1698245711\"                 data-width=\"500.00\"                 data-height=\"334.00\"                 alt=\"Eglise Saint-Nicolas Prague (REP082_49388)\"                 title=\"Eglise Saint-Nicolas Prague (REP082_49388)\" \/>                      <\/div>        <\/a>                <a  class=\"bwg-a bwg_lightbox bwg_lightbox_0\" href=\"https:\/\/photo-venturelli.com\/wp-content\/uploads\/photo-gallery\/imported_from_media_libray\/Culte-religieux-Prague-REP082_49808.jpg?bwg=1698245711\" data-image-id=\"756\" data-elementor-open-lightbox=\"no\">          <div class=\"bwg_mosaic_thumb_spun_0 bwg-item0 bwg-mosaic-thumb-span \">            <img decoding=\"async\" class=\"bwg_mosaic_thumb_0 skip-lazy bwg_img_clear bwg_img_custom \"                 id=\"756\"                 src=\"https:\/\/photo-venturelli.com\/wp-content\/uploads\/photo-gallery\/imported_from_media_libray\/thumb\/Culte-religieux-Prague-REP082_49808.jpg?bwg=1698245711\"                 data-src=\"https:\/\/photo-venturelli.com\/wp-content\/uploads\/photo-gallery\/imported_from_media_libray\/thumb\/Culte-religieux-Prague-REP082_49808.jpg?bwg=1698245711\"                 data-width=\"500.00\"                 data-height=\"334.00\"                 alt=\"Culte religieux Prague (REP082_49808)\"                 title=\"Culte religieux Prague (REP082_49808)\" \/>                      <\/div>        <\/a>                <a  class=\"bwg-a bwg_lightbox bwg_lightbox_0\" href=\"https:\/\/photo-venturelli.com\/wp-content\/uploads\/photo-gallery\/imported_from_media_libray\/Culte-religieux-Prague-REP082_49797.jpg?bwg=1698245711\" data-image-id=\"757\" data-elementor-open-lightbox=\"no\">          <div class=\"bwg_mosaic_thumb_spun_0 bwg-item0 bwg-mosaic-thumb-span \">            <img decoding=\"async\" class=\"bwg_mosaic_thumb_0 skip-lazy bwg_img_clear bwg_img_custom \"                 id=\"757\"                 src=\"https:\/\/photo-venturelli.com\/wp-content\/uploads\/photo-gallery\/imported_from_media_libray\/thumb\/Culte-religieux-Prague-REP082_49797.jpg?bwg=1698245711\"                 data-src=\"https:\/\/photo-venturelli.com\/wp-content\/uploads\/photo-gallery\/imported_from_media_libray\/thumb\/Culte-religieux-Prague-REP082_49797.jpg?bwg=1698245711\"                 data-width=\"500.00\"                 data-height=\"334.00\"                 alt=\"Culte religieux Prague (REP082_49797)\"                 title=\"Culte religieux Prague (REP082_49797)\" \/>                      <\/div>        <\/a>                <a  class=\"bwg-a bwg_lightbox bwg_lightbox_0\" href=\"https:\/\/photo-venturelli.com\/wp-content\/uploads\/photo-gallery\/imported_from_media_libray\/Coucher-de-soleil-Prague-REP082_50417.jpg?bwg=1698245711\" data-image-id=\"758\" data-elementor-open-lightbox=\"no\">          <div class=\"bwg_mosaic_thumb_spun_0 bwg-item0 bwg-mosaic-thumb-span \">            <img decoding=\"async\" class=\"bwg_mosaic_thumb_0 skip-lazy bwg_img_clear bwg_img_custom \"                 id=\"758\"                 src=\"https:\/\/photo-venturelli.com\/wp-content\/uploads\/photo-gallery\/imported_from_media_libray\/thumb\/Coucher-de-soleil-Prague-REP082_50417.jpg?bwg=1698245711\"                 data-src=\"https:\/\/photo-venturelli.com\/wp-content\/uploads\/photo-gallery\/imported_from_media_libray\/thumb\/Coucher-de-soleil-Prague-REP082_50417.jpg?bwg=1698245711\"                 data-width=\"500.00\"                 data-height=\"334.00\"                 alt=\"Coucher de soleil Prague (REP082_50417)\"                 title=\"Coucher de soleil Prague (REP082_50417)\" \/>                      <\/div>        <\/a>                <a  class=\"bwg-a bwg_lightbox bwg_lightbox_0\" href=\"https:\/\/photo-venturelli.com\/wp-content\/uploads\/photo-gallery\/imported_from_media_libray\/Chateau-Prague-REP082_50404.jpg?bwg=1698245711\" data-image-id=\"759\" data-elementor-open-lightbox=\"no\">          <div class=\"bwg_mosaic_thumb_spun_0 bwg-item0 bwg-mosaic-thumb-span \">            <img decoding=\"async\" class=\"bwg_mosaic_thumb_0 skip-lazy bwg_img_clear bwg_img_custom \"                 id=\"759\"                 src=\"https:\/\/photo-venturelli.com\/wp-content\/uploads\/photo-gallery\/imported_from_media_libray\/thumb\/Chateau-Prague-REP082_50404.jpg?bwg=1698245711\"                 data-src=\"https:\/\/photo-venturelli.com\/wp-content\/uploads\/photo-gallery\/imported_from_media_libray\/thumb\/Chateau-Prague-REP082_50404.jpg?bwg=1698245711\"                 data-width=\"500.00\"                 data-height=\"334.00\"                 alt=\"Chateau Prague (REP082_50404)\"                 title=\"Chateau Prague (REP082_50404)\" \/>                      <\/div>        <\/a>                <a  class=\"bwg-a bwg_lightbox bwg_lightbox_0\" href=\"https:\/\/photo-venturelli.com\/wp-content\/uploads\/photo-gallery\/imported_from_media_libray\/Chateau-Prague-REP082_50135.jpg?bwg=1698245711\" data-image-id=\"760\" data-elementor-open-lightbox=\"no\">          <div class=\"bwg_mosaic_thumb_spun_0 bwg-item0 bwg-mosaic-thumb-span \">            <img decoding=\"async\" class=\"bwg_mosaic_thumb_0 skip-lazy bwg_img_clear bwg_img_custom \"                 id=\"760\"                 src=\"https:\/\/photo-venturelli.com\/wp-content\/uploads\/photo-gallery\/imported_from_media_libray\/thumb\/Chateau-Prague-REP082_50135.jpg?bwg=1698245711\"                 data-src=\"https:\/\/photo-venturelli.com\/wp-content\/uploads\/photo-gallery\/imported_from_media_libray\/thumb\/Chateau-Prague-REP082_50135.jpg?bwg=1698245711\"                 data-width=\"500.00\"                 data-height=\"334.00\"                 alt=\"Chateau Prague (REP082_50135)\"                 title=\"Chateau Prague (REP082_50135)\" \/>                      <\/div>        <\/a>                <a  class=\"bwg-a bwg_lightbox bwg_lightbox_0\" href=\"https:\/\/photo-venturelli.com\/wp-content\/uploads\/photo-gallery\/imported_from_media_libray\/Centre-ville-Prague-REP082_50612.jpg?bwg=1698245711\" data-image-id=\"761\" data-elementor-open-lightbox=\"no\">          <div class=\"bwg_mosaic_thumb_spun_0 bwg-item0 bwg-mosaic-thumb-span \">            <img decoding=\"async\" class=\"bwg_mosaic_thumb_0 skip-lazy bwg_img_clear bwg_img_custom \"                 id=\"761\"                 src=\"https:\/\/photo-venturelli.com\/wp-content\/uploads\/photo-gallery\/imported_from_media_libray\/thumb\/Centre-ville-Prague-REP082_50612.jpg?bwg=1698245711\"                 data-src=\"https:\/\/photo-venturelli.com\/wp-content\/uploads\/photo-gallery\/imported_from_media_libray\/thumb\/Centre-ville-Prague-REP082_50612.jpg?bwg=1698245711\"                 data-width=\"334.00\"                 data-height=\"500.00\"                 alt=\"Centre ville Prague (REP082_50612)\"                 title=\"Centre ville Prague (REP082_50612)\" \/>                      <\/div>        <\/a>                <a  class=\"bwg-a bwg_lightbox bwg_lightbox_0\" href=\"https:\/\/photo-venturelli.com\/wp-content\/uploads\/photo-gallery\/imported_from_media_libray\/Centre-ville-Prague-REP082_49460.jpg?bwg=1698245712\" data-image-id=\"762\" data-elementor-open-lightbox=\"no\">          <div class=\"bwg_mosaic_thumb_spun_0 bwg-item0 bwg-mosaic-thumb-span \">            <img decoding=\"async\" class=\"bwg_mosaic_thumb_0 skip-lazy bwg_img_clear bwg_img_custom \"                 id=\"762\"                 src=\"https:\/\/photo-venturelli.com\/wp-content\/uploads\/photo-gallery\/imported_from_media_libray\/thumb\/Centre-ville-Prague-REP082_49460.jpg?bwg=1698245712\"                 data-src=\"https:\/\/photo-venturelli.com\/wp-content\/uploads\/photo-gallery\/imported_from_media_libray\/thumb\/Centre-ville-Prague-REP082_49460.jpg?bwg=1698245712\"                 data-width=\"500.00\"                 data-height=\"334.00\"                 alt=\"Centre ville Prague (REP082_49460)\"                 title=\"Centre ville Prague (REP082_49460)\" \/>                      <\/div>        <\/a>                <a  class=\"bwg-a bwg_lightbox bwg_lightbox_0\" href=\"https:\/\/photo-venturelli.com\/wp-content\/uploads\/photo-gallery\/imported_from_media_libray\/Centre-ville-Prague-REP082_49591.jpg?bwg=1698245712\" data-image-id=\"763\" data-elementor-open-lightbox=\"no\">          <div class=\"bwg_mosaic_thumb_spun_0 bwg-item0 bwg-mosaic-thumb-span \">            <img decoding=\"async\" class=\"bwg_mosaic_thumb_0 skip-lazy bwg_img_clear bwg_img_custom \"                 id=\"763\"                 src=\"https:\/\/photo-venturelli.com\/wp-content\/uploads\/photo-gallery\/imported_from_media_libray\/thumb\/Centre-ville-Prague-REP082_49591.jpg?bwg=1698245712\"                 data-src=\"https:\/\/photo-venturelli.com\/wp-content\/uploads\/photo-gallery\/imported_from_media_libray\/thumb\/Centre-ville-Prague-REP082_49591.jpg?bwg=1698245712\"                 data-width=\"500.00\"                 data-height=\"334.00\"                 alt=\"Centre ville Prague (REP082_49591)\"                 title=\"Centre ville Prague (REP082_49591)\" \/>                      <\/div>        <\/a>                <a  class=\"bwg-a bwg_lightbox bwg_lightbox_0\" href=\"https:\/\/photo-venturelli.com\/wp-content\/uploads\/photo-gallery\/imported_from_media_libray\/Cathedrale-Saint-Guy-Prague-REP082_50075.jpg?bwg=1698245712\" data-image-id=\"764\" data-elementor-open-lightbox=\"no\">          <div class=\"bwg_mosaic_thumb_spun_0 bwg-item0 bwg-mosaic-thumb-span \">            <img decoding=\"async\" class=\"bwg_mosaic_thumb_0 skip-lazy bwg_img_clear bwg_img_custom \"                 id=\"764\"                 src=\"https:\/\/photo-venturelli.com\/wp-content\/uploads\/photo-gallery\/imported_from_media_libray\/thumb\/Cathedrale-Saint-Guy-Prague-REP082_50075.jpg?bwg=1698245712\"                 data-src=\"https:\/\/photo-venturelli.com\/wp-content\/uploads\/photo-gallery\/imported_from_media_libray\/thumb\/Cathedrale-Saint-Guy-Prague-REP082_50075.jpg?bwg=1698245712\"                 data-width=\"500.00\"                 data-height=\"334.00\"                 alt=\"Cath\u00e9drale Saint-Guy Prague (REP082_50075)\"                 title=\"Cath\u00e9drale Saint-Guy Prague (REP082_50075)\" \/>                      <\/div>        <\/a>                <a  class=\"bwg-a bwg_lightbox bwg_lightbox_0\" href=\"https:\/\/photo-venturelli.com\/wp-content\/uploads\/photo-gallery\/imported_from_media_libray\/Cathedrale-Saint-Guy-Prague-REP082_50074.jpg?bwg=1698245712\" data-image-id=\"765\" data-elementor-open-lightbox=\"no\">          <div class=\"bwg_mosaic_thumb_spun_0 bwg-item0 bwg-mosaic-thumb-span \">            <img decoding=\"async\" class=\"bwg_mosaic_thumb_0 skip-lazy bwg_img_clear bwg_img_custom \"                 id=\"765\"                 src=\"https:\/\/photo-venturelli.com\/wp-content\/uploads\/photo-gallery\/imported_from_media_libray\/thumb\/Cathedrale-Saint-Guy-Prague-REP082_50074.jpg?bwg=1698245712\"                 data-src=\"https:\/\/photo-venturelli.com\/wp-content\/uploads\/photo-gallery\/imported_from_media_libray\/thumb\/Cathedrale-Saint-Guy-Prague-REP082_50074.jpg?bwg=1698245712\"                 data-width=\"500.00\"                 data-height=\"334.00\"                 alt=\"Cath\u00e9drale Saint-Guy Prague (REP082_50074)\"                 title=\"Cath\u00e9drale Saint-Guy Prague (REP082_50074)\" \/>                      <\/div>        <\/a>                <a  class=\"bwg-a bwg_lightbox bwg_lightbox_0\" href=\"https:\/\/photo-venturelli.com\/wp-content\/uploads\/photo-gallery\/imported_from_media_libray\/Cathedrale-Saint-Guy-Prague-REP082_49718.jpg?bwg=1698245712\" data-image-id=\"766\" data-elementor-open-lightbox=\"no\">          <div class=\"bwg_mosaic_thumb_spun_0 bwg-item0 bwg-mosaic-thumb-span \">            <img decoding=\"async\" class=\"bwg_mosaic_thumb_0 skip-lazy bwg_img_clear bwg_img_custom \"                 id=\"766\"                 src=\"https:\/\/photo-venturelli.com\/wp-content\/uploads\/photo-gallery\/imported_from_media_libray\/thumb\/Cathedrale-Saint-Guy-Prague-REP082_49718.jpg?bwg=1698245712\"                 data-src=\"https:\/\/photo-venturelli.com\/wp-content\/uploads\/photo-gallery\/imported_from_media_libray\/thumb\/Cathedrale-Saint-Guy-Prague-REP082_49718.jpg?bwg=1698245712\"                 data-width=\"500.00\"                 data-height=\"334.00\"                 alt=\"Cath\u00e9drale Saint-Guy Prague (REP082_49718)\"                 title=\"Cath\u00e9drale Saint-Guy Prague (REP082_49718)\" \/>                      <\/div>        <\/a>                <a  class=\"bwg-a bwg_lightbox bwg_lightbox_0\" href=\"https:\/\/photo-venturelli.com\/wp-content\/uploads\/photo-gallery\/imported_from_media_libray\/Canal-Prague-REP082_49580.jpg?bwg=1698245712\" data-image-id=\"767\" data-elementor-open-lightbox=\"no\">          <div class=\"bwg_mosaic_thumb_spun_0 bwg-item0 bwg-mosaic-thumb-span \">            <img decoding=\"async\" class=\"bwg_mosaic_thumb_0 skip-lazy bwg_img_clear bwg_img_custom \"                 id=\"767\"                 src=\"https:\/\/photo-venturelli.com\/wp-content\/uploads\/photo-gallery\/imported_from_media_libray\/thumb\/Canal-Prague-REP082_49580.jpg?bwg=1698245712\"                 data-src=\"https:\/\/photo-venturelli.com\/wp-content\/uploads\/photo-gallery\/imported_from_media_libray\/thumb\/Canal-Prague-REP082_49580.jpg?bwg=1698245712\"                 data-width=\"500.00\"                 data-height=\"334.00\"                 alt=\"Canal Prague (REP082_49580)\"                 title=\"Canal Prague (REP082_49580)\" \/>                      <\/div>        <\/a>                <a  class=\"bwg-a bwg_lightbox bwg_lightbox_0\" href=\"https:\/\/photo-venturelli.com\/wp-content\/uploads\/photo-gallery\/imported_from_media_libray\/Statue-de-lharmonie-Smichov-Lock-Prague-REP082_49468.jpg?bwg=1698245712\" data-image-id=\"769\" data-elementor-open-lightbox=\"no\">          <div class=\"bwg_mosaic_thumb_spun_0 bwg-item0 bwg-mosaic-thumb-span \">            <img decoding=\"async\" class=\"bwg_mosaic_thumb_0 skip-lazy bwg_img_clear bwg_img_custom \"                 id=\"769\"                 src=\"https:\/\/photo-venturelli.com\/wp-content\/uploads\/photo-gallery\/imported_from_media_libray\/thumb\/Statue-de-lharmonie-Smichov-Lock-Prague-REP082_49468.jpg?bwg=1698245712\"                 data-src=\"https:\/\/photo-venturelli.com\/wp-content\/uploads\/photo-gallery\/imported_from_media_libray\/thumb\/Statue-de-lharmonie-Smichov-Lock-Prague-REP082_49468.jpg?bwg=1698245712\"                 data-width=\"500.00\"                 data-height=\"334.00\"                 alt=\"Statue de l&#039;harmonie -Sm\u00edchov Lock Prague (REP082_49468)\"                 title=\"Statue de l&#039;harmonie -Sm\u00edchov Lock Prague (REP082_49468)\" \/>                      <\/div>        <\/a>                <a  class=\"bwg-a bwg_lightbox bwg_lightbox_0\" href=\"https:\/\/photo-venturelli.com\/wp-content\/uploads\/photo-gallery\/imported_from_media_libray\/Prague-REP082_49582.jpg?bwg=1698245712\" data-image-id=\"770\" data-elementor-open-lightbox=\"no\">          <div class=\"bwg_mosaic_thumb_spun_0 bwg-item0 bwg-mosaic-thumb-span \">            <img decoding=\"async\" class=\"bwg_mosaic_thumb_0 skip-lazy bwg_img_clear bwg_img_custom \"                 id=\"770\"                 src=\"https:\/\/photo-venturelli.com\/wp-content\/uploads\/photo-gallery\/imported_from_media_libray\/thumb\/Prague-REP082_49582.jpg?bwg=1698245712\"                 data-src=\"https:\/\/photo-venturelli.com\/wp-content\/uploads\/photo-gallery\/imported_from_media_libray\/thumb\/Prague-REP082_49582.jpg?bwg=1698245712\"                 data-width=\"500.00\"                 data-height=\"334.00\"                 alt=\"Prague (REP082_49582)\"                 title=\"Prague (REP082_49582)\" \/>                      <\/div>        <\/a>                <a  class=\"bwg-a bwg_lightbox bwg_lightbox_0\" href=\"https:\/\/photo-venturelli.com\/wp-content\/uploads\/photo-gallery\/imported_from_media_libray\/Pont-Charles-Prague-REP082_50416.jpg?bwg=1698245712\" data-image-id=\"771\" data-elementor-open-lightbox=\"no\">          <div class=\"bwg_mosaic_thumb_spun_0 bwg-item0 bwg-mosaic-thumb-span \">            <img decoding=\"async\" class=\"bwg_mosaic_thumb_0 skip-lazy bwg_img_clear bwg_img_custom \"                 id=\"771\"                 src=\"https:\/\/photo-venturelli.com\/wp-content\/uploads\/photo-gallery\/imported_from_media_libray\/thumb\/Pont-Charles-Prague-REP082_50416.jpg?bwg=1698245712\"                 data-src=\"https:\/\/photo-venturelli.com\/wp-content\/uploads\/photo-gallery\/imported_from_media_libray\/thumb\/Pont-Charles-Prague-REP082_50416.jpg?bwg=1698245712\"                 data-width=\"500.00\"                 data-height=\"334.00\"                 alt=\"Pont Charles, Prague (REP082_50416)\"                 title=\"Pont Charles, Prague (REP082_50416)\" \/>                      <\/div>        <\/a>                <a  class=\"bwg-a bwg_lightbox bwg_lightbox_0\" href=\"https:\/\/photo-venturelli.com\/wp-content\/uploads\/photo-gallery\/imported_from_media_libray\/Pont-Charles-Prague-REP082_50275.jpg?bwg=1698245712\" data-image-id=\"772\" data-elementor-open-lightbox=\"no\">          <div class=\"bwg_mosaic_thumb_spun_0 bwg-item0 bwg-mosaic-thumb-span \">            <img decoding=\"async\" class=\"bwg_mosaic_thumb_0 skip-lazy bwg_img_clear bwg_img_custom \"                 id=\"772\"                 src=\"https:\/\/photo-venturelli.com\/wp-content\/uploads\/photo-gallery\/imported_from_media_libray\/thumb\/Pont-Charles-Prague-REP082_50275.jpg?bwg=1698245712\"                 data-src=\"https:\/\/photo-venturelli.com\/wp-content\/uploads\/photo-gallery\/imported_from_media_libray\/thumb\/Pont-Charles-Prague-REP082_50275.jpg?bwg=1698245712\"                 data-width=\"500.00\"                 data-height=\"334.00\"                 alt=\"Pont Charles, Prague (REP082_50275)\"                 title=\"Pont Charles, Prague (REP082_50275)\" \/>                      <\/div>        <\/a>                <a  class=\"bwg-a bwg_lightbox bwg_lightbox_0\" href=\"https:\/\/photo-venturelli.com\/wp-content\/uploads\/photo-gallery\/imported_from_media_libray\/Petit-encas-Prague-REP082_50127.jpg?bwg=1698245712\" data-image-id=\"776\" data-elementor-open-lightbox=\"no\">          <div class=\"bwg_mosaic_thumb_spun_0 bwg-item0 bwg-mosaic-thumb-span \">            <img decoding=\"async\" class=\"bwg_mosaic_thumb_0 skip-lazy bwg_img_clear bwg_img_custom \"                 id=\"776\"                 src=\"https:\/\/photo-venturelli.com\/wp-content\/uploads\/photo-gallery\/imported_from_media_libray\/thumb\/Petit-encas-Prague-REP082_50127.jpg?bwg=1698245712\"                 data-src=\"https:\/\/photo-venturelli.com\/wp-content\/uploads\/photo-gallery\/imported_from_media_libray\/thumb\/Petit-encas-Prague-REP082_50127.jpg?bwg=1698245712\"                 data-width=\"500.00\"                 data-height=\"334.00\"                 alt=\"Petit encas Prague (REP082_50127)\"                 title=\"Petit encas Prague (REP082_50127)\" \/>                      <\/div>        <\/a>                <a  class=\"bwg-a bwg_lightbox bwg_lightbox_0\" href=\"https:\/\/photo-venturelli.com\/wp-content\/uploads\/photo-gallery\/imported_from_media_libray\/Pont-Charles-Prague-REP082_49970.jpg?bwg=1698245712\" data-image-id=\"774\" data-elementor-open-lightbox=\"no\">          <div class=\"bwg_mosaic_thumb_spun_0 bwg-item0 bwg-mosaic-thumb-span \">            <img decoding=\"async\" class=\"bwg_mosaic_thumb_0 skip-lazy bwg_img_clear bwg_img_custom \"                 id=\"774\"                 src=\"https:\/\/photo-venturelli.com\/wp-content\/uploads\/photo-gallery\/imported_from_media_libray\/thumb\/Pont-Charles-Prague-REP082_49970.jpg?bwg=1698245712\"                 data-src=\"https:\/\/photo-venturelli.com\/wp-content\/uploads\/photo-gallery\/imported_from_media_libray\/thumb\/Pont-Charles-Prague-REP082_49970.jpg?bwg=1698245712\"                 data-width=\"500.00\"                 data-height=\"334.00\"                 alt=\"Pont Charles, Prague (REP082_49970)\"                 title=\"Pont Charles, Prague (REP082_49970)\" \/>                      <\/div>        <\/a>                <a  class=\"bwg-a bwg_lightbox bwg_lightbox_0\" href=\"https:\/\/photo-venturelli.com\/wp-content\/uploads\/photo-gallery\/imported_from_media_libray\/Pont-Charles-Prague-REP082_49435.jpg?bwg=1698245712\" data-image-id=\"775\" data-elementor-open-lightbox=\"no\">          <div class=\"bwg_mosaic_thumb_spun_0 bwg-item0 bwg-mosaic-thumb-span \">            <img decoding=\"async\" class=\"bwg_mosaic_thumb_0 skip-lazy bwg_img_clear bwg_img_custom \"                 id=\"775\"                 src=\"https:\/\/photo-venturelli.com\/wp-content\/uploads\/photo-gallery\/imported_from_media_libray\/thumb\/Pont-Charles-Prague-REP082_49435.jpg?bwg=1698245712\"                 data-src=\"https:\/\/photo-venturelli.com\/wp-content\/uploads\/photo-gallery\/imported_from_media_libray\/thumb\/Pont-Charles-Prague-REP082_49435.jpg?bwg=1698245712\"                 data-width=\"500.00\"                 data-height=\"334.00\"                 alt=\"Pont Charles, Prague (REP082_49435)\"                 title=\"Pont Charles, Prague (REP082_49435)\" \/>                      <\/div>        <\/a>            <\/div>    <\/div>    <style>      \/*pagination styles*\/      #bwg_container1_0 #bwg_container2_0 .tablenav-pages_0 {\t\t\t\ttext-align: center;\t\t\t\tfont-size: 12px;\t\t\t\tfont-family: Ubuntu;\t\t\t\tfont-weight: bold;\t\t\t\tcolor: #666666;\t\t\t\tmargin: 6px 0 4px;\t\t\t\tdisplay: block;      }      @media only screen and (max-width : 320px) {      #bwg_container1_0 #bwg_container2_0 .displaying-num_0 {     \t display: none;      }      }      #bwg_container1_0 #bwg_container2_0 .displaying-num_0 {\t\t\t\tfont-size: 12px;\t\t\t\tfont-family: Ubuntu;\t\t\t\tfont-weight: bold;\t\t\t\tcolor: #666666;\t\t\t\tmargin-right: 10px;\t\t\t\tvertical-align: middle;      }      #bwg_container1_0 #bwg_container2_0 .paging-input_0 {\t\t\t\tfont-size: 12px;\t\t\t\tfont-family: Ubuntu;\t\t\t\tfont-weight: bold;\t\t\t\tcolor: #666666;\t\t\t\tvertical-align: middle;      }      #bwg_container1_0 #bwg_container2_0 .tablenav-pages_0 a.disabled,      #bwg_container1_0 #bwg_container2_0 .tablenav-pages_0 a.disabled:hover,      #bwg_container1_0 #bwg_container2_0 .tablenav-pages_0 a.disabled:focus,\t\t\t#bwg_container1_0 #bwg_container2_0 .tablenav-pages_0 input.bwg_current_page {\t\t\t\tcursor: default;\t\t\t\tcolor: rgba(102, 102, 102, 0.5);      }      #bwg_container1_0 #bwg_container2_0 .tablenav-pages_0 a,      #bwg_container1_0 #bwg_container2_0 .tablenav-pages_0 input.bwg_current_page {\t\t\t\tcursor: pointer;\t\t\t\ttext-align: center;\t\t\t\tfont-size: 12px;\t\t\t\tfont-family: Ubuntu;\t\t\t\tfont-weight: bold;\t\t\t\tcolor: #666666;\t\t\t\ttext-decoration: none;\t\t\t\tpadding: 3px 6px;\t\t\t\tmargin: 0;\t\t\t\tborder-radius: 0;\t\t\t\tborder-style: none;\t\t\t\tborder-width: 1px;\t\t\t\tborder-color: #E3E3E3;\t\t\t\t\t\t\t\tbackground-color: rgba(252, 252, 252, 1.00);\t\t\t\tbox-shadow: 0;\t\t\t\ttransition: all 0.3s ease 0s;-webkit-transition: all 0.3s ease 0s;      }      <\/style>      <span class=\"bwg_nav_cont_0\">              <div class=\"tablenav-pages_0\">                  <\/div>                <input type=\"hidden\" id=\"page_number_0\" name=\"page_number_0\" value=\"1\" \/>      <script type=\"text\/javascript\">        if( jQuery('.bwg_nav_cont_0').length > 1 ) {          jQuery('.bwg_nav_cont_0').first().remove()        }        function spider_page_0(cur, x, y, load_more) {          if (typeof load_more == \"undefined\") {            var load_more = false;          }          if (jQuery(cur).hasClass('disabled')) {            return false;          }          var items_county_0 = 1;          switch (y) {            case 1:              if (x >= items_county_0) {                document.getElementById('page_number_0').value = items_county_0;              }              else {                document.getElementById('page_number_0').value = x + 1;              }              break;            case 2:              document.getElementById('page_number_0').value = items_county_0;              break;            case -1:              if (x == 1) {                document.getElementById('page_number_0').value = 1;              }              else {                document.getElementById('page_number_0').value = x - 1;              }              break;            case -2:              document.getElementById('page_number_0').value = 1;              break;\t\t\t\t\t\tcase 0:              document.getElementById('page_number_0').value = x;              break;            default:              document.getElementById('page_number_0').value = 1;          }          bwg_ajax('gal_front_form_0', '0', 'bwg_thumbnails_mosaic_0', '0', '', 'gallery', 0, '', '', load_more, '', 1);        }                    jQuery('.first-page-0').on('click', function () {              spider_page_0(this, 1, -2, 'numeric');              return false;            });            jQuery('.prev-page-0').on('click', function () {              spider_page_0(this, 1, -1, 'numeric');              return false;            });            jQuery('.next-page-0').on('click', function () {              spider_page_0(this, 1, 1, 'numeric');              return false;            });            jQuery('.last-page-0').on('click', function () {              spider_page_0(this, 1, 2, 'numeric');              return false;            });        \t\t\t\t\/* Change page on input enter. *\/        function bwg_change_page_0( e, that ) {          if (  e.key == 'Enter' ) {            var to_page = parseInt(jQuery(that).val());            var pages_count = jQuery(that).parents(\".pagination-links\").data(\"pages-count\");            var current_url_param = jQuery(that).attr('data-url-info');            if (to_page > pages_count) {              to_page = 1;            }\t \t\t\t\t\t\t\t\t\t\t\t\tspider_page_0(this, to_page, 0, 'numeric');\t\t\t\t\t\t\treturn false;\t\t\t\t\t\t          }          return true;        }        jQuery('.bwg_load_btn_0').on('click', function () {            spider_page_0(this, 1, 1, true);            return false;        });      <\/script>      <\/span>                <\/div>        <\/form>        <style>          #bwg_container1_0 #bwg_container2_0 #spider_popup_overlay_0 {          background-color: #000000;          opacity: 0.70;          }          <\/style>        <div id=\"bwg_spider_popup_loading_0\" class=\"bwg_spider_popup_loading\"><\/div>        <div id=\"spider_popup_overlay_0\" class=\"spider_popup_overlay\" onclick=\"spider_destroypopup(1000)\"><\/div>        <input type=\"hidden\" id=\"bwg_random_seed_0\" value=\"798502339\">                <\/div>    <\/div>    <script>      if (document.readyState === 'complete') {        if( typeof bwg_main_ready == 'function' ) {          if ( jQuery(\"#bwg_container1_0\").height() ) {            bwg_main_ready(jQuery(\"#bwg_container1_0\"));          }        }      } else {        document.addEventListener('DOMContentLoaded', function() {          if( typeof bwg_main_ready == 'function' ) {            if ( jQuery(\"#bwg_container1_0\").height() ) {             bwg_main_ready(jQuery(\"#bwg_container1_0\"));            }          }        });      }    <\/script>    \n","protected":false},"excerpt":{"rendered":"<p>Prague, the city of a hundred spires, gracefully blends medieval history, romantic charm and an enchanting artistic ambience. <\/p>\n","protected":false},"author":4,"featured_media":6717,"comment_status":"closed","ping_status":"closed","sticky":false,"template":"","format":"standard","meta":{"_kad_post_transparent":"","_kad_post_title":"","_kad_post_layout":"","_kad_post_sidebar_id":"","_kad_post_content_style":"","_kad_post_vertical_padding":"","_kad_post_feature":"","_kad_post_feature_position":"","_kad_post_header":false,"_kad_post_footer":false,"_kad_post_classname":"","footnotes":""},"categories":[542],"tags":[772,775,773,774,770,771],"class_list":["post-10766","post","type-post","status-publish","format-standard","has-post-thumbnail","hentry","category-travel","tag-bohemia","tag-charles-bridge","tag-czech-republic","tag-prague-en","tag-st-vitus-cathedral-prague","tag-vltava-en"],"_links":{"self":[{"href":"https:\/\/photo-venturelli.com\/en\/wp-json\/wp\/v2\/posts\/10766","targetHints":{"allow":["GET"]}}],"collection":[{"href":"https:\/\/photo-venturelli.com\/en\/wp-json\/wp\/v2\/posts"}],"about":[{"href":"https:\/\/photo-venturelli.com\/en\/wp-json\/wp\/v2\/types\/post"}],"author":[{"embeddable":true,"href":"https:\/\/photo-venturelli.com\/en\/wp-json\/wp\/v2\/users\/4"}],"replies":[{"embeddable":true,"href":"https:\/\/photo-venturelli.com\/en\/wp-json\/wp\/v2\/comments?post=10766"}],"version-history":[{"count":1,"href":"https:\/\/photo-venturelli.com\/en\/wp-json\/wp\/v2\/posts\/10766\/revisions"}],"predecessor-version":[{"id":10767,"href":"https:\/\/photo-venturelli.com\/en\/wp-json\/wp\/v2\/posts\/10766\/revisions\/10767"}],"wp:featuredmedia":[{"embeddable":true,"href":"https:\/\/photo-venturelli.com\/en\/wp-json\/wp\/v2\/media\/6717"}],"wp:attachment":[{"href":"https:\/\/photo-venturelli.com\/en\/wp-json\/wp\/v2\/media?parent=10766"}],"wp:term":[{"taxonomy":"category","embeddable":true,"href":"https:\/\/photo-venturelli.com\/en\/wp-json\/wp\/v2\/categories?post=10766"},{"taxonomy":"post_tag","embeddable":true,"href":"https:\/\/photo-venturelli.com\/en\/wp-json\/wp\/v2\/tags?post=10766"}],"curies":[{"name":"wp","href":"https:\/\/api.w.org\/{rel}","templated":true}]}}