{"id":10770,"date":"2023-10-10T15:00:00","date_gmt":"2023-10-10T13:00:00","guid":{"rendered":"https:\/\/photo-venturelli.com\/budapest-the-danube-makes-the-beautiful\/"},"modified":"2025-12-15T15:55:08","modified_gmt":"2025-12-15T14:55:08","slug":"budapest-the-danube-makes-the-beautiful","status":"publish","type":"post","link":"https:\/\/photo-venturelli.com\/en\/budapest-the-danube-makes-the-beautiful\/","title":{"rendered":"Budapest, the Danube makes the beautiful."},"content":{"rendered":"\n<p> If ever there was a city in Europe steeped in history, it&#8217;s Budapest. Budapest&#8217;s history begins with its oldest city: Obuda, occupied by Celtic tribes until the Roman conquest in the 1st century B.C. Obuda, which the Romans called \u201cAquincum\u201d, was founded in 89 on an ancient Celtic settlement. For four centuries, it was the capital of the Roman region of Pannonia. Aquincum comes from the word \u201caqua\u201d (with water), in honor of the many thermal springs for which Budapest was famous. The Magyars arrived in the region in 896 A.D., and seven Magyar tribes of fearsome warriors came together to defeat the Romans. Today&#8217;s city was created on November 17, 1873 by the merger of Buda &#8211; then capital of Hungary &#8211; Pest and \u00d3buda.<strong>.<\/strong><\/p>\n<div class=\"wp-block-image\">\n<figure class=\"aligncenter size-large\"><img fetchpriority=\"high\" decoding=\"async\" width=\"1024\" height=\"683\" src=\"https:\/\/photo-venturelli.com\/wp-content\/uploads\/2023\/10\/2-Vue-de-Budapest-REP087_70774-1024x683.jpg\" alt=\"\" class=\"wp-image-2188\" srcset=\"https:\/\/photo-venturelli.com\/wp-content\/uploads\/2023\/10\/2-Vue-de-Budapest-REP087_70774-1024x683.jpg 1024w, https:\/\/photo-venturelli.com\/wp-content\/uploads\/2023\/10\/2-Vue-de-Budapest-REP087_70774-300x200.jpg 300w, https:\/\/photo-venturelli.com\/wp-content\/uploads\/2023\/10\/2-Vue-de-Budapest-REP087_70774-768x513.jpg 768w, https:\/\/photo-venturelli.com\/wp-content\/uploads\/2023\/10\/2-Vue-de-Budapest-REP087_70774.jpg 1260w\" sizes=\"(max-width: 1024px) 100vw, 1024px\" \/><\/figure>\n<\/div>\n<p> In the center of the city flows the Danube, Europe&#8217;s longest river and a major contributor to the country&#8217;s history with its waterways. This is the first image you see as you stroll through the city, reminiscent of Paris with its majestic bridges leading from one bank to the other. Not so in the old days. In this winter of 2017, it&#8217;s cold. This is not unusual, as the climate here is continental, and sunrise often offers soft images with lots of mist that sometimes only disperses in the afternoon, enveloping the images in mystery<strong>.<\/strong>    <\/p>\n\n<p> Budapest is such a pleasant city that you shouldn&#8217;t forget your bathing suit, whatever the temperature or time of day. In fact, it was the Romans who gave Budapest the name Aquincum, in reference to the thermal baths they were already frequenting. So it&#8217;s with mixed feelings that I get into the water, never to leave for a long time to avoid the biting cold. Just enough time to strap on the ice skates for an exhibition on the local public rink before warming up with a coffee or chocolate with the famous \u201ck\u00fcrt\u0151skal\u00e1cs\u201d chimney cake, originally from Transylvania. But the cold and snow always bring the mind back to ground reality before setting off on imaginary or real night-time adventures as described by the poet Domagoj Sirotinja<strong>.<\/strong>    <\/p>\n\n<figure class=\"wp-block-gallery aligncenter has-nested-images columns-default is-cropped wp-block-gallery-1 is-layout-flex wp-block-gallery-is-layout-flex\" style=\"padding-right:var(--wp--preset--spacing--20);padding-left:var(--wp--preset--spacing--20)\">\n<figure class=\"wp-block-image size-large\"><img decoding=\"async\" width=\"1024\" height=\"683\" data-id=\"2187\" src=\"https:\/\/photo-venturelli.com\/wp-content\/uploads\/2023\/10\/2-Thermes-de-Szechenyi-REP087_70911-1024x683.jpg\" alt=\"\" class=\"wp-image-2187\" srcset=\"https:\/\/photo-venturelli.com\/wp-content\/uploads\/2023\/10\/2-Thermes-de-Szechenyi-REP087_70911-1024x683.jpg 1024w, https:\/\/photo-venturelli.com\/wp-content\/uploads\/2023\/10\/2-Thermes-de-Szechenyi-REP087_70911-300x200.jpg 300w, https:\/\/photo-venturelli.com\/wp-content\/uploads\/2023\/10\/2-Thermes-de-Szechenyi-REP087_70911-768x513.jpg 768w, https:\/\/photo-venturelli.com\/wp-content\/uploads\/2023\/10\/2-Thermes-de-Szechenyi-REP087_70911.jpg 1260w\" sizes=\"(max-width: 1024px) 100vw, 1024px\" \/><\/figure>\n\n\n\n<figure class=\"wp-block-image size-large\"><img decoding=\"async\" width=\"1024\" height=\"683\" data-id=\"2185\" src=\"https:\/\/photo-venturelli.com\/wp-content\/uploads\/2023\/10\/2-Patinoire-publique-REP087_70885-1024x683.jpg\" alt=\"\" class=\"wp-image-2185\" srcset=\"https:\/\/photo-venturelli.com\/wp-content\/uploads\/2023\/10\/2-Patinoire-publique-REP087_70885-1024x683.jpg 1024w, https:\/\/photo-venturelli.com\/wp-content\/uploads\/2023\/10\/2-Patinoire-publique-REP087_70885-300x200.jpg 300w, https:\/\/photo-venturelli.com\/wp-content\/uploads\/2023\/10\/2-Patinoire-publique-REP087_70885-768x513.jpg 768w, https:\/\/photo-venturelli.com\/wp-content\/uploads\/2023\/10\/2-Patinoire-publique-REP087_70885.jpg 1260w\" sizes=\"(max-width: 1024px) 100vw, 1024px\" \/><\/figure>\n<\/figure>\n<div class=\"wp-block-image\">\n<figure class=\"aligncenter size-full\"><img loading=\"lazy\" decoding=\"async\" width=\"800\" height=\"534\" src=\"https:\/\/photo-venturelli.com\/wp-content\/uploads\/2023\/10\/2-Fabrication-du-kurtoskalacs-REP087_71373.jpg\" alt=\"\" class=\"wp-image-2183\" srcset=\"https:\/\/photo-venturelli.com\/wp-content\/uploads\/2023\/10\/2-Fabrication-du-kurtoskalacs-REP087_71373.jpg 800w, https:\/\/photo-venturelli.com\/wp-content\/uploads\/2023\/10\/2-Fabrication-du-kurtoskalacs-REP087_71373-300x200.jpg 300w, https:\/\/photo-venturelli.com\/wp-content\/uploads\/2023\/10\/2-Fabrication-du-kurtoskalacs-REP087_71373-768x513.jpg 768w\" sizes=\"(max-width: 800px) 100vw, 800px\" \/><\/figure>\n<\/div>\n<blockquote class=\"wp-block-quote is-layout-flow wp-block-quote-is-layout-flow\">\n<p><strong>Budapest<br\/>by Domagoj Sirotinja<\/strong><br\/>Thousands of bulbs present, giant bulbs, carved by rain, lights in the heart of Pest, in the lair of Buda la royale, in the eyes of sporty girls, on bridges that are as many legs, in the still-present flame of Pet\u0151fi. And this big wheel that overlooks the city, these lanterns which fall in free figures in the deep movement of the night, when the Jewish quarter and these ruin pubs become the center of the party. And wine will send its stars, and the moon will be full of surprise, and Cseh Tam\u00e1s will echo on the fronts of his rolling worms until dawn! It will be for the awakening a constant journey, perched on the ridge between east and west, nestled in this country surrounded by Slavic lands, open to all winds of character, embracing the Danube and its solitary wolves. @ Edi Sori\u0107    <\/p>\n<\/blockquote>\n\n<p><em>Budapest (Hungary) &#8211; January 2017<\/em><\/p>\n\n<h2 class=\"wp-block-heading\">Galery<\/h2>\n\n<style id=\"bwg-style-0\">      #bwg_container1_0 #bwg_container2_0 #bwg_mosaic_thumbnails_div_0 {        width: 100%;        position: relative;        background-color: rgba(255, 255, 255, 0.00);        text-align: center;        justify-content: center;                  margin-left: auto;          margin-right: auto;                    padding-left: 4px;          padding-top: 4px;                }          #bwg_container1_0 #bwg_container2_0 .bwg_mosaic_thumb_spun_0 {        display: block;        position: absolute;\t\t\t\tborder-radius: 2px;\t\t\t\tborder: 1px none #CCCCCC;    \t\t    \t\tbackground-color:rgba(0,0,0, 0.30);        -moz-box-sizing: content-box !important;        -webkit-box-sizing: content-box !important;        box-sizing: content-box !important;      }\t\t\t#bwg_container1_0 #bwg_container2_0 .bwg_mosaic_thumb_0 {\t\t\t\tdisplay: block;\t\t\t\t-moz-box-sizing: content-box !important;\t\t\t\t-webkit-box-sizing: content-box !important;\t\t\t\tbox-sizing: content-box !important;\t\t\t\tmargin: 0;\t\t\t\topacity: 0.80;\t\t\t}      #bwg_container1_0 #bwg_container2_0 .bwg_mosaic_thumb_spun_0:hover {        opacity: 1;        backface-visibility: hidden;        -webkit-backface-visibility: hidden;        -moz-backface-visibility: hidden;        -ms-backface-visibility: hidden;        z-index: 102;      }\t      @media only screen and (min-width: 480px) {        #bwg_container1_0 #bwg_container2_0 .bwg_mosaic_thumb_spun_0:hover {          transform: rotate(2deg);          -ms-transform: rotate(2deg);          -webkit-transform: rotate(2deg);        }      }\t      #bwg_container1_0 #bwg_container2_0 .bwg_mosaic_thumbnails_0 {        background-color: rgba(255, 255, 255, 0.00);        font-size: 0;        position: relative;        text-align: center;        display: inline-block;        visibility: hidden;              }\t  \/*image title styles*\/      #bwg_container1_0 #bwg_container2_0 .bwg_mosaic_title_spun1_0,      #bwg_container1_0 #bwg_container2_0 .bwg-mosaic-thumbnails .bwg_ecommerce_spun1_0 {        position: absolute;        display: block;        opacity: 0;        box-sizing: border-box;        text-align: center;\t\t\t\ttop: 50%;\t\t\t\tleft: 50%;\t\t\t\ttransform: translate(-50%, -50%);      }      #bwg_container1_0 #bwg_container2_0 .bwg-mosaic-thumbnails .bwg_mosaic_title_spun2_0,      #bwg_container1_0 #bwg_container2_0 .bwg-mosaic-thumbnails .bwg_ecommerce_spun2_0 {\t\t    color: #323A45;        font-family: Ubuntu;        font-size: 16px;        font-weight: bold;        text-shadow: 0px 0px 0px #888888;        vertical-align: middle;        word-wrap: break-word;      }            .bwg_mosaic_play_icon_spun_0 {        display: table;        position: absolute;        left: -10000px;        top: 0px;        opacity: 0;      }      .bwg_mosaic_play_icon_0 {        color: #323A45;        font-size: 32px;        vertical-align: middle;        display: table-cell !important;        z-index: 1;        text-align: center;        margin: 0 auto;      }      #bwg_container1_0 #bwg_container2_0 .bwg_gal_title_0 {        background-color: rgba(0, 0, 0, 0);        color: #323A45;        display: block;        font-family: Ubuntu;        font-size: 16px;        font-weight: bold;        padding: 2px;        text-shadow: ;        text-align: center;      }            @media screen and (max-width: 350px) {      div[class^=\"bwg_mosaic_thumbnails_\"],      span[class^=\"bwg_mosaic_thumb_spun_\"] {      width: 100% !important;      }      img[class^=\"bwg_mosaic_thumb_\"] {      width: 100% !important;      height: auto !important;      margin: 0px auto !important;      }      }      <\/style>    <div id=\"bwg_container1_0\"         class=\"bwg_container bwg_thumbnail bwg_thumbnails_mosaic \"         data-right-click-protection=\"1\"         data-bwg=\"0\"         data-scroll=\"0\"         data-gallery-type=\"thumbnails_mosaic\"         data-gallery-view-type=\"thumbnails_mosaic\"         data-current-url=\"\/en\/wp-json\/wp\/v2\/posts\/10770\"         data-lightbox-url=\"https:\/\/photo-venturelli.com\/wp-admin\/admin-ajax.php?action=GalleryBox&#038;current_view=0&#038;gallery_id=19&#038;tag=0&#038;theme_id=2&#038;shortcode_id=133&#038;sort_by=order&#038;order_by=asc&#038;current_url=%2Fen%2Fwp-json%2Fwp%2Fv2%2Fposts%2F10770\"         data-gallery-id=\"19\"         data-popup-width=\"800\"         data-popup-height=\"500\"         data-is-album=\"gallery\"         data-buttons-position=\"bottom\">      <div id=\"bwg_container2_0\">             <div id=\"ajax_loading_0\" class=\"bwg_loading_div_1\">      <div class=\"bwg_loading_div_2\">        <div class=\"bwg_loading_div_3\">          <div id=\"loading_div_0\" class=\"bwg_spider_ajax_loading\">          <\/div>        <\/div>      <\/div>    <\/div>            <form id=\"gal_front_form_0\"              class=\"bwg-hidden\"              method=\"post\"              action=\"#\"              data-current=\"0\"              data-shortcode-id=\"133\"              data-gallery-type=\"thumbnails_mosaic\"              data-gallery-id=\"19\"              data-tag=\"0\"              data-album-id=\"0\"              data-theme-id=\"2\"              data-ajax-url=\"https:\/\/photo-venturelli.com\/wp-admin\/admin-ajax.php?action=bwg_frontend_data\">          <div id=\"bwg_container3_0\" class=\"bwg-background bwg-background-0\">                <div id=\"bwg_mosaic_thumbnails_div_0\"         class=\"bwg-container-0 bwg-container bwg-mosaic-thumbnails\"         data-bwg=\"0\"         data-mosaic-direction=\"vertical\"         data-resizable=\"0\"         data-width=\"250\"         data-height=\"250\"         data-total-width=\"100\"         data-block-id=\"bwg_thumbnails_mosaic_0\"         data-thumb-padding=\"4\"         data-thumb-border=\"1\"         data-title-margin=\"2px\"         data-image-title=\"none\"         data-play-icon=\"1\"         data-ecommerce-icon=\"none\"         data-gallery-id=\"19\"         data-lightbox-url=\"https:\/\/photo-venturelli.com\/wp-admin\/admin-ajax.php?action=GalleryBox&#038;current_view=0&#038;gallery_id=19&#038;tag=0&#038;theme_id=2&#038;shortcode_id=133&#038;sort_by=order&#038;order_by=asc&#038;current_url=%2Fen%2Fwp-json%2Fwp%2Fv2%2Fposts%2F10770\"         data-mosaic-thumb-transition=\"1\"         style=\"visibility: hidden\" >      <div id=\"bwg_thumbnails_mosaic_0\" class=\"bwg_mosaic_thumbnails_0\">                  <a  class=\"bwg-a bwg_lightbox bwg_lightbox_0\" href=\"https:\/\/photo-venturelli.com\/wp-content\/uploads\/photo-gallery\/imported_from_media_libray\/Vue-sur-le-parlement-de-Budapest-REP087_71138.jpg?bwg=1696942299\" data-image-id=\"672\" data-elementor-open-lightbox=\"no\">          <div class=\"bwg_mosaic_thumb_spun_0 bwg-item0 bwg-mosaic-thumb-span \">            <img decoding=\"async\" class=\"bwg_mosaic_thumb_0 skip-lazy bwg_img_clear bwg_img_custom \"                 id=\"672\"                 src=\"https:\/\/photo-venturelli.com\/wp-content\/uploads\/photo-gallery\/imported_from_media_libray\/thumb\/Vue-sur-le-parlement-de-Budapest-REP087_71138.jpg?bwg=1696942299\"                 data-src=\"https:\/\/photo-venturelli.com\/wp-content\/uploads\/photo-gallery\/imported_from_media_libray\/thumb\/Vue-sur-le-parlement-de-Budapest-REP087_71138.jpg?bwg=1696942299\"                 data-width=\"500.00\"                 data-height=\"334.00\"                 alt=\"Vue sur le parlement de Budapest (REP087_71138)\"                 title=\"Vue sur le parlement de Budapest (REP087_71138)\" \/>                      <\/div>        <\/a>                <a  class=\"bwg-a bwg_lightbox bwg_lightbox_0\" href=\"https:\/\/photo-venturelli.com\/wp-content\/uploads\/photo-gallery\/imported_from_media_libray\/Vue-de-Budapest-REP087_71007.jpg?bwg=1696942299\" data-image-id=\"673\" data-elementor-open-lightbox=\"no\">          <div class=\"bwg_mosaic_thumb_spun_0 bwg-item0 bwg-mosaic-thumb-span \">            <img decoding=\"async\" class=\"bwg_mosaic_thumb_0 skip-lazy bwg_img_clear bwg_img_custom \"                 id=\"673\"                 src=\"https:\/\/photo-venturelli.com\/wp-content\/uploads\/photo-gallery\/imported_from_media_libray\/thumb\/Vue-de-Budapest-REP087_71007.jpg?bwg=1696942299\"                 data-src=\"https:\/\/photo-venturelli.com\/wp-content\/uploads\/photo-gallery\/imported_from_media_libray\/thumb\/Vue-de-Budapest-REP087_71007.jpg?bwg=1696942299\"                 data-width=\"500.00\"                 data-height=\"334.00\"                 alt=\"Vue de Budapest (REP087_71007)\"                 title=\"Vue de Budapest (REP087_71007)\" \/>                      <\/div>        <\/a>                <a  class=\"bwg-a bwg_lightbox bwg_lightbox_0\" href=\"https:\/\/photo-venturelli.com\/wp-content\/uploads\/photo-gallery\/imported_from_media_libray\/Vue-de-Budapest-REP087_70774.jpg?bwg=1696942299\" data-image-id=\"674\" data-elementor-open-lightbox=\"no\">          <div class=\"bwg_mosaic_thumb_spun_0 bwg-item0 bwg-mosaic-thumb-span \">            <img decoding=\"async\" class=\"bwg_mosaic_thumb_0 skip-lazy bwg_img_clear bwg_img_custom \"                 id=\"674\"                 src=\"https:\/\/photo-venturelli.com\/wp-content\/uploads\/photo-gallery\/imported_from_media_libray\/thumb\/Vue-de-Budapest-REP087_70774.jpg?bwg=1696942299\"                 data-src=\"https:\/\/photo-venturelli.com\/wp-content\/uploads\/photo-gallery\/imported_from_media_libray\/thumb\/Vue-de-Budapest-REP087_70774.jpg?bwg=1696942299\"                 data-width=\"500.00\"                 data-height=\"334.00\"                 alt=\"Vue de Budapest (REP087_70774)\"                 title=\"Vue de Budapest (REP087_70774)\" \/>                      <\/div>        <\/a>                <a  class=\"bwg-a bwg_lightbox bwg_lightbox_0\" href=\"https:\/\/photo-venturelli.com\/wp-content\/uploads\/photo-gallery\/imported_from_media_libray\/Thermes-de-Szechenyi-REP087_71461.jpg?bwg=1696942299\" data-image-id=\"675\" data-elementor-open-lightbox=\"no\">          <div class=\"bwg_mosaic_thumb_spun_0 bwg-item0 bwg-mosaic-thumb-span \">            <img decoding=\"async\" class=\"bwg_mosaic_thumb_0 skip-lazy bwg_img_clear bwg_img_custom \"                 id=\"675\"                 src=\"https:\/\/photo-venturelli.com\/wp-content\/uploads\/photo-gallery\/imported_from_media_libray\/thumb\/Thermes-de-Szechenyi-REP087_71461.jpg?bwg=1696942299\"                 data-src=\"https:\/\/photo-venturelli.com\/wp-content\/uploads\/photo-gallery\/imported_from_media_libray\/thumb\/Thermes-de-Szechenyi-REP087_71461.jpg?bwg=1696942299\"                 data-width=\"500.00\"                 data-height=\"334.00\"                 alt=\"Thermes de Sz\u00e9chenyi (REP087_71461)\"                 title=\"Thermes de Sz\u00e9chenyi (REP087_71461)\" \/>                      <\/div>        <\/a>                <a  class=\"bwg-a bwg_lightbox bwg_lightbox_0\" href=\"https:\/\/photo-venturelli.com\/wp-content\/uploads\/photo-gallery\/imported_from_media_libray\/Thermes-de-Szechenyi-REP087_70911.jpg?bwg=1696942299\" data-image-id=\"676\" data-elementor-open-lightbox=\"no\">          <div class=\"bwg_mosaic_thumb_spun_0 bwg-item0 bwg-mosaic-thumb-span \">            <img decoding=\"async\" class=\"bwg_mosaic_thumb_0 skip-lazy bwg_img_clear bwg_img_custom \"                 id=\"676\"                 src=\"https:\/\/photo-venturelli.com\/wp-content\/uploads\/photo-gallery\/imported_from_media_libray\/thumb\/Thermes-de-Szechenyi-REP087_70911.jpg?bwg=1696942299\"                 data-src=\"https:\/\/photo-venturelli.com\/wp-content\/uploads\/photo-gallery\/imported_from_media_libray\/thumb\/Thermes-de-Szechenyi-REP087_70911.jpg?bwg=1696942299\"                 data-width=\"500.00\"                 data-height=\"334.00\"                 alt=\"Thermes de Sz\u00e9chenyi (REP087_70911)\"                 title=\"Thermes de Sz\u00e9chenyi (REP087_70911)\" \/>                      <\/div>        <\/a>                <a  class=\"bwg-a bwg_lightbox bwg_lightbox_0\" href=\"https:\/\/photo-venturelli.com\/wp-content\/uploads\/photo-gallery\/imported_from_media_libray\/Sculpture-dImre-Nagy-Budapest-Hongrie-REP087_71218.jpg?bwg=1696942299\" data-image-id=\"678\" data-elementor-open-lightbox=\"no\">          <div class=\"bwg_mosaic_thumb_spun_0 bwg-item0 bwg-mosaic-thumb-span \">            <img decoding=\"async\" class=\"bwg_mosaic_thumb_0 skip-lazy bwg_img_clear bwg_img_custom \"                 id=\"678\"                 src=\"https:\/\/photo-venturelli.com\/wp-content\/uploads\/photo-gallery\/imported_from_media_libray\/thumb\/Sculpture-dImre-Nagy-Budapest-Hongrie-REP087_71218.jpg?bwg=1696942299\"                 data-src=\"https:\/\/photo-venturelli.com\/wp-content\/uploads\/photo-gallery\/imported_from_media_libray\/thumb\/Sculpture-dImre-Nagy-Budapest-Hongrie-REP087_71218.jpg?bwg=1696942299\"                 data-width=\"500.00\"                 data-height=\"334.00\"                 alt=\"Sculpture d&#039;Imre Nagy Budapest, Hongrie (REP087_71218)\"                 title=\"Sculpture d&#039;Imre Nagy Budapest, Hongrie (REP087_71218)\" \/>                      <\/div>        <\/a>                <a  class=\"bwg-a bwg_lightbox bwg_lightbox_0\" href=\"https:\/\/photo-venturelli.com\/wp-content\/uploads\/photo-gallery\/imported_from_media_libray\/Sculpture-dImre-Nagy-Budapest-Hongrie-REP087_71193.jpg?bwg=1696942299\" data-image-id=\"679\" data-elementor-open-lightbox=\"no\">          <div class=\"bwg_mosaic_thumb_spun_0 bwg-item0 bwg-mosaic-thumb-span \">            <img decoding=\"async\" class=\"bwg_mosaic_thumb_0 skip-lazy bwg_img_clear bwg_img_custom \"                 id=\"679\"                 src=\"https:\/\/photo-venturelli.com\/wp-content\/uploads\/photo-gallery\/imported_from_media_libray\/thumb\/Sculpture-dImre-Nagy-Budapest-Hongrie-REP087_71193.jpg?bwg=1696942299\"                 data-src=\"https:\/\/photo-venturelli.com\/wp-content\/uploads\/photo-gallery\/imported_from_media_libray\/thumb\/Sculpture-dImre-Nagy-Budapest-Hongrie-REP087_71193.jpg?bwg=1696942299\"                 data-width=\"500.00\"                 data-height=\"334.00\"                 alt=\"Sculpture d&#039;Imre Nagy Budapest, Hongrie (REP087_71193)\"                 title=\"Sculpture d&#039;Imre Nagy Budapest, Hongrie (REP087_71193)\" \/>                      <\/div>        <\/a>                <a  class=\"bwg-a bwg_lightbox bwg_lightbox_0\" href=\"https:\/\/photo-venturelli.com\/wp-content\/uploads\/photo-gallery\/imported_from_media_libray\/Sculpture-de-Miklos-Ligeti-Budapest-REP087_70932.jpg?bwg=1696942299\" data-image-id=\"680\" data-elementor-open-lightbox=\"no\">          <div class=\"bwg_mosaic_thumb_spun_0 bwg-item0 bwg-mosaic-thumb-span \">            <img decoding=\"async\" class=\"bwg_mosaic_thumb_0 skip-lazy bwg_img_clear bwg_img_custom \"                 id=\"680\"                 src=\"https:\/\/photo-venturelli.com\/wp-content\/uploads\/photo-gallery\/imported_from_media_libray\/thumb\/Sculpture-de-Miklos-Ligeti-Budapest-REP087_70932.jpg?bwg=1696942299\"                 data-src=\"https:\/\/photo-venturelli.com\/wp-content\/uploads\/photo-gallery\/imported_from_media_libray\/thumb\/Sculpture-de-Miklos-Ligeti-Budapest-REP087_70932.jpg?bwg=1696942299\"                 data-width=\"500.00\"                 data-height=\"334.00\"                 alt=\"Sculpture de Mikl\u00f3s Ligeti Budapest (REP087_70932)\"                 title=\"Sculpture de Mikl\u00f3s Ligeti Budapest (REP087_70932)\" \/>                      <\/div>        <\/a>                <a  class=\"bwg-a bwg_lightbox bwg_lightbox_0\" href=\"https:\/\/photo-venturelli.com\/wp-content\/uploads\/photo-gallery\/imported_from_media_libray\/Retour-de-marche-REP087_71630.jpg?bwg=1696942299\" data-image-id=\"681\" data-elementor-open-lightbox=\"no\">          <div class=\"bwg_mosaic_thumb_spun_0 bwg-item0 bwg-mosaic-thumb-span \">            <img decoding=\"async\" class=\"bwg_mosaic_thumb_0 skip-lazy bwg_img_clear bwg_img_custom \"                 id=\"681\"                 src=\"https:\/\/photo-venturelli.com\/wp-content\/uploads\/photo-gallery\/imported_from_media_libray\/thumb\/Retour-de-marche-REP087_71630.jpg?bwg=1696942299\"                 data-src=\"https:\/\/photo-venturelli.com\/wp-content\/uploads\/photo-gallery\/imported_from_media_libray\/thumb\/Retour-de-marche-REP087_71630.jpg?bwg=1696942299\"                 data-width=\"500.00\"                 data-height=\"334.00\"                 alt=\"Retour de march\u00e9 (REP087_71630)\"                 title=\"Retour de march\u00e9 (REP087_71630)\" \/>                      <\/div>        <\/a>                <a  class=\"bwg-a bwg_lightbox bwg_lightbox_0\" href=\"https:\/\/photo-venturelli.com\/wp-content\/uploads\/photo-gallery\/imported_from_media_libray\/Pont-de-Szechenyi-Lanchid-Budapest-REP087_70773.jpg?bwg=1696942299\" data-image-id=\"682\" data-elementor-open-lightbox=\"no\">          <div class=\"bwg_mosaic_thumb_spun_0 bwg-item0 bwg-mosaic-thumb-span \">            <img decoding=\"async\" class=\"bwg_mosaic_thumb_0 skip-lazy bwg_img_clear bwg_img_custom \"                 id=\"682\"                 src=\"https:\/\/photo-venturelli.com\/wp-content\/uploads\/photo-gallery\/imported_from_media_libray\/thumb\/Pont-de-Szechenyi-Lanchid-Budapest-REP087_70773.jpg?bwg=1696942299\"                 data-src=\"https:\/\/photo-venturelli.com\/wp-content\/uploads\/photo-gallery\/imported_from_media_libray\/thumb\/Pont-de-Szechenyi-Lanchid-Budapest-REP087_70773.jpg?bwg=1696942299\"                 data-width=\"500.00\"                 data-height=\"334.00\"                 alt=\"Pont de Sz\u00e9chenyi L\u00e1nch\u00edd Budapest (REP087_70773)\"                 title=\"Pont de Sz\u00e9chenyi L\u00e1nch\u00edd Budapest (REP087_70773)\" \/>                      <\/div>        <\/a>                <a  class=\"bwg-a bwg_lightbox bwg_lightbox_0\" href=\"https:\/\/photo-venturelli.com\/wp-content\/uploads\/photo-gallery\/imported_from_media_libray\/Poivrons-pour-le-paprika-REP087_71531.jpg?bwg=1696942299\" data-image-id=\"683\" data-elementor-open-lightbox=\"no\">          <div class=\"bwg_mosaic_thumb_spun_0 bwg-item0 bwg-mosaic-thumb-span \">            <img decoding=\"async\" class=\"bwg_mosaic_thumb_0 skip-lazy bwg_img_clear bwg_img_custom \"                 id=\"683\"                 src=\"https:\/\/photo-venturelli.com\/wp-content\/uploads\/photo-gallery\/imported_from_media_libray\/thumb\/Poivrons-pour-le-paprika-REP087_71531.jpg?bwg=1696942299\"                 data-src=\"https:\/\/photo-venturelli.com\/wp-content\/uploads\/photo-gallery\/imported_from_media_libray\/thumb\/Poivrons-pour-le-paprika-REP087_71531.jpg?bwg=1696942299\"                 data-width=\"500.00\"                 data-height=\"334.00\"                 alt=\"Poivrons pour le paprika (REP087_71531)\"                 title=\"Poivrons pour le paprika (REP087_71531)\" \/>                      <\/div>        <\/a>                <a  class=\"bwg-a bwg_lightbox bwg_lightbox_0\" href=\"https:\/\/photo-venturelli.com\/wp-content\/uploads\/photo-gallery\/imported_from_media_libray\/Patinoire-publique-REP087_70885.jpg?bwg=1696942299\" data-image-id=\"684\" data-elementor-open-lightbox=\"no\">          <div class=\"bwg_mosaic_thumb_spun_0 bwg-item0 bwg-mosaic-thumb-span \">            <img decoding=\"async\" class=\"bwg_mosaic_thumb_0 skip-lazy bwg_img_clear bwg_img_custom \"                 id=\"684\"                 src=\"https:\/\/photo-venturelli.com\/wp-content\/uploads\/photo-gallery\/imported_from_media_libray\/thumb\/Patinoire-publique-REP087_70885.jpg?bwg=1696942299\"                 data-src=\"https:\/\/photo-venturelli.com\/wp-content\/uploads\/photo-gallery\/imported_from_media_libray\/thumb\/Patinoire-publique-REP087_70885.jpg?bwg=1696942299\"                 data-width=\"500.00\"                 data-height=\"334.00\"                 alt=\"Patinoire publique (REP087_70885)\"                 title=\"Patinoire publique (REP087_70885)\" \/>                      <\/div>        <\/a>                <a  class=\"bwg-a bwg_lightbox bwg_lightbox_0\" href=\"https:\/\/photo-venturelli.com\/wp-content\/uploads\/photo-gallery\/imported_from_media_libray\/Patinoire-au-Chateau-Vajdahunyad-REP087_71801.jpg?bwg=1696942299\" data-image-id=\"685\" data-elementor-open-lightbox=\"no\">          <div class=\"bwg_mosaic_thumb_spun_0 bwg-item0 bwg-mosaic-thumb-span \">            <img decoding=\"async\" class=\"bwg_mosaic_thumb_0 skip-lazy bwg_img_clear bwg_img_custom \"                 id=\"685\"                 src=\"https:\/\/photo-venturelli.com\/wp-content\/uploads\/photo-gallery\/imported_from_media_libray\/thumb\/Patinoire-au-Chateau-Vajdahunyad-REP087_71801.jpg?bwg=1696942299\"                 data-src=\"https:\/\/photo-venturelli.com\/wp-content\/uploads\/photo-gallery\/imported_from_media_libray\/thumb\/Patinoire-au-Chateau-Vajdahunyad-REP087_71801.jpg?bwg=1696942299\"                 data-width=\"500.00\"                 data-height=\"334.00\"                 alt=\"Patinoire au Chateau Vajdahunyad (REP087_71801)\"                 title=\"Patinoire au Chateau Vajdahunyad (REP087_71801)\" \/>                      <\/div>        <\/a>                <a  class=\"bwg-a bwg_lightbox bwg_lightbox_0\" href=\"https:\/\/photo-venturelli.com\/wp-content\/uploads\/photo-gallery\/imported_from_media_libray\/Patinoire-au-Chateau-Vajdahunyad-REP087_70890.jpg?bwg=1696942299\" data-image-id=\"686\" data-elementor-open-lightbox=\"no\">          <div class=\"bwg_mosaic_thumb_spun_0 bwg-item0 bwg-mosaic-thumb-span \">            <img decoding=\"async\" class=\"bwg_mosaic_thumb_0 skip-lazy bwg_img_clear bwg_img_custom \"                 id=\"686\"                 src=\"https:\/\/photo-venturelli.com\/wp-content\/uploads\/photo-gallery\/imported_from_media_libray\/thumb\/Patinoire-au-Chateau-Vajdahunyad-REP087_70890.jpg?bwg=1696942299\"                 data-src=\"https:\/\/photo-venturelli.com\/wp-content\/uploads\/photo-gallery\/imported_from_media_libray\/thumb\/Patinoire-au-Chateau-Vajdahunyad-REP087_70890.jpg?bwg=1696942299\"                 data-width=\"500.00\"                 data-height=\"334.00\"                 alt=\"Patinoire au Chateau Vajdahunyad (REP087_70890)\"                 title=\"Patinoire au Chateau Vajdahunyad (REP087_70890)\" \/>                      <\/div>        <\/a>                <a  class=\"bwg-a bwg_lightbox bwg_lightbox_0\" href=\"https:\/\/photo-venturelli.com\/wp-content\/uploads\/photo-gallery\/imported_from_media_libray\/Statue-de-Saint-Stephen-Budapest-Hongrie-REP087_71042.jpg?bwg=1696942299\" data-image-id=\"677\" data-elementor-open-lightbox=\"no\">          <div class=\"bwg_mosaic_thumb_spun_0 bwg-item0 bwg-mosaic-thumb-span \">            <img decoding=\"async\" class=\"bwg_mosaic_thumb_0 skip-lazy bwg_img_clear bwg_img_custom \"                 id=\"677\"                 src=\"https:\/\/photo-venturelli.com\/wp-content\/uploads\/photo-gallery\/imported_from_media_libray\/thumb\/Statue-de-Saint-Stephen-Budapest-Hongrie-REP087_71042.jpg?bwg=1696942299\"                 data-src=\"https:\/\/photo-venturelli.com\/wp-content\/uploads\/photo-gallery\/imported_from_media_libray\/thumb\/Statue-de-Saint-Stephen-Budapest-Hongrie-REP087_71042.jpg?bwg=1696942299\"                 data-width=\"500.00\"                 data-height=\"334.00\"                 alt=\"Statue de Saint Stephen Budapest Hongrie (REP087_71042)\"                 title=\"Statue de Saint Stephen Budapest Hongrie (REP087_71042)\" \/>                      <\/div>        <\/a>                <a  class=\"bwg-a bwg_lightbox bwg_lightbox_0\" href=\"https:\/\/photo-venturelli.com\/wp-content\/uploads\/photo-gallery\/imported_from_media_libray\/Parlement-de-Budapest-REP087_71221.jpg?bwg=1696942300\" data-image-id=\"687\" data-elementor-open-lightbox=\"no\">          <div class=\"bwg_mosaic_thumb_spun_0 bwg-item0 bwg-mosaic-thumb-span \">            <img decoding=\"async\" class=\"bwg_mosaic_thumb_0 skip-lazy bwg_img_clear bwg_img_custom \"                 id=\"687\"                 src=\"https:\/\/photo-venturelli.com\/wp-content\/uploads\/photo-gallery\/imported_from_media_libray\/thumb\/Parlement-de-Budapest-REP087_71221.jpg?bwg=1696942300\"                 data-src=\"https:\/\/photo-venturelli.com\/wp-content\/uploads\/photo-gallery\/imported_from_media_libray\/thumb\/Parlement-de-Budapest-REP087_71221.jpg?bwg=1696942300\"                 data-width=\"500.00\"                 data-height=\"334.00\"                 alt=\"Parlement de Budapest (REP087_71221)\"                 title=\"Parlement de Budapest (REP087_71221)\" \/>                      <\/div>        <\/a>                <a  class=\"bwg-a bwg_lightbox bwg_lightbox_0\" href=\"https:\/\/photo-venturelli.com\/wp-content\/uploads\/photo-gallery\/imported_from_media_libray\/Parlement-de-Budapest-REP087_71149.jpg?bwg=1696942300\" data-image-id=\"688\" data-elementor-open-lightbox=\"no\">          <div class=\"bwg_mosaic_thumb_spun_0 bwg-item0 bwg-mosaic-thumb-span \">            <img decoding=\"async\" class=\"bwg_mosaic_thumb_0 skip-lazy bwg_img_clear bwg_img_custom \"                 id=\"688\"                 src=\"https:\/\/photo-venturelli.com\/wp-content\/uploads\/photo-gallery\/imported_from_media_libray\/thumb\/Parlement-de-Budapest-REP087_71149.jpg?bwg=1696942300\"                 data-src=\"https:\/\/photo-venturelli.com\/wp-content\/uploads\/photo-gallery\/imported_from_media_libray\/thumb\/Parlement-de-Budapest-REP087_71149.jpg?bwg=1696942300\"                 data-width=\"500.00\"                 data-height=\"334.00\"                 alt=\"Parlement de Budapest (REP087_71149)\"                 title=\"Parlement de Budapest (REP087_71149)\" \/>                      <\/div>        <\/a>                <a  class=\"bwg-a bwg_lightbox bwg_lightbox_0\" href=\"https:\/\/photo-venturelli.com\/wp-content\/uploads\/photo-gallery\/imported_from_media_libray\/Parlement-de-Budapest-REP087_71027.jpg?bwg=1696942300\" data-image-id=\"689\" data-elementor-open-lightbox=\"no\">          <div class=\"bwg_mosaic_thumb_spun_0 bwg-item0 bwg-mosaic-thumb-span \">            <img decoding=\"async\" class=\"bwg_mosaic_thumb_0 skip-lazy bwg_img_clear bwg_img_custom \"                 id=\"689\"                 src=\"https:\/\/photo-venturelli.com\/wp-content\/uploads\/photo-gallery\/imported_from_media_libray\/thumb\/Parlement-de-Budapest-REP087_71027.jpg?bwg=1696942300\"                 data-src=\"https:\/\/photo-venturelli.com\/wp-content\/uploads\/photo-gallery\/imported_from_media_libray\/thumb\/Parlement-de-Budapest-REP087_71027.jpg?bwg=1696942300\"                 data-width=\"500.00\"                 data-height=\"334.00\"                 alt=\"Parlement de Budapest (REP087_71027)\"                 title=\"Parlement de Budapest (REP087_71027)\" \/>                      <\/div>        <\/a>                <a  class=\"bwg-a bwg_lightbox bwg_lightbox_0\" href=\"https:\/\/photo-venturelli.com\/wp-content\/uploads\/photo-gallery\/imported_from_media_libray\/Les-ponts-de-Budapest-REP087_71013.jpg?bwg=1696942300\" data-image-id=\"696\" data-elementor-open-lightbox=\"no\">          <div class=\"bwg_mosaic_thumb_spun_0 bwg-item0 bwg-mosaic-thumb-span \">            <img decoding=\"async\" class=\"bwg_mosaic_thumb_0 skip-lazy bwg_img_clear bwg_img_custom \"                 id=\"696\"                 src=\"https:\/\/photo-venturelli.com\/wp-content\/uploads\/photo-gallery\/imported_from_media_libray\/thumb\/Les-ponts-de-Budapest-REP087_71013.jpg?bwg=1696942300\"                 data-src=\"https:\/\/photo-venturelli.com\/wp-content\/uploads\/photo-gallery\/imported_from_media_libray\/thumb\/Les-ponts-de-Budapest-REP087_71013.jpg?bwg=1696942300\"                 data-width=\"500.00\"                 data-height=\"334.00\"                 alt=\"Les ponts de Budapest (REP087_71013)\"                 title=\"Les ponts de Budapest (REP087_71013)\" \/>                      <\/div>        <\/a>                <a  class=\"bwg-a bwg_lightbox bwg_lightbox_0\" href=\"https:\/\/photo-venturelli.com\/wp-content\/uploads\/photo-gallery\/imported_from_media_libray\/Parlement-de-Budapest-REP087_70872.jpg?bwg=1696942300\" data-image-id=\"690\" data-elementor-open-lightbox=\"no\">          <div class=\"bwg_mosaic_thumb_spun_0 bwg-item0 bwg-mosaic-thumb-span \">            <img decoding=\"async\" class=\"bwg_mosaic_thumb_0 skip-lazy bwg_img_clear bwg_img_custom \"                 id=\"690\"                 src=\"https:\/\/photo-venturelli.com\/wp-content\/uploads\/photo-gallery\/imported_from_media_libray\/thumb\/Parlement-de-Budapest-REP087_70872.jpg?bwg=1696942300\"                 data-src=\"https:\/\/photo-venturelli.com\/wp-content\/uploads\/photo-gallery\/imported_from_media_libray\/thumb\/Parlement-de-Budapest-REP087_70872.jpg?bwg=1696942300\"                 data-width=\"500.00\"                 data-height=\"334.00\"                 alt=\"Parlement de Budapest (REP087_70872)\"                 title=\"Parlement de Budapest (REP087_70872)\" \/>                      <\/div>        <\/a>                <a  class=\"bwg-a bwg_lightbox bwg_lightbox_0\" href=\"https:\/\/photo-venturelli.com\/wp-content\/uploads\/photo-gallery\/imported_from_media_libray\/Ombres-et-lumieres-REP087_70905.jpg?bwg=1696942300\" data-image-id=\"691\" data-elementor-open-lightbox=\"no\">          <div class=\"bwg_mosaic_thumb_spun_0 bwg-item0 bwg-mosaic-thumb-span \">            <img decoding=\"async\" class=\"bwg_mosaic_thumb_0 skip-lazy bwg_img_clear bwg_img_custom \"                 id=\"691\"                 src=\"https:\/\/photo-venturelli.com\/wp-content\/uploads\/photo-gallery\/imported_from_media_libray\/thumb\/Ombres-et-lumieres-REP087_70905.jpg?bwg=1696942300\"                 data-src=\"https:\/\/photo-venturelli.com\/wp-content\/uploads\/photo-gallery\/imported_from_media_libray\/thumb\/Ombres-et-lumieres-REP087_70905.jpg?bwg=1696942300\"                 data-width=\"334.00\"                 data-height=\"500.00\"                 alt=\"Ombres et lumi\u00e8res (REP087_70905)\"                 title=\"Ombres et lumi\u00e8res (REP087_70905)\" \/>                      <\/div>        <\/a>                <a  class=\"bwg-a bwg_lightbox bwg_lightbox_0\" href=\"https:\/\/photo-venturelli.com\/wp-content\/uploads\/photo-gallery\/imported_from_media_libray\/Les-ponts-de-Budapest-REP087_70996.jpg?bwg=1696942300\" data-image-id=\"697\" data-elementor-open-lightbox=\"no\">          <div class=\"bwg_mosaic_thumb_spun_0 bwg-item0 bwg-mosaic-thumb-span \">            <img decoding=\"async\" class=\"bwg_mosaic_thumb_0 skip-lazy bwg_img_clear bwg_img_custom \"                 id=\"697\"                 src=\"https:\/\/photo-venturelli.com\/wp-content\/uploads\/photo-gallery\/imported_from_media_libray\/thumb\/Les-ponts-de-Budapest-REP087_70996.jpg?bwg=1696942300\"                 data-src=\"https:\/\/photo-venturelli.com\/wp-content\/uploads\/photo-gallery\/imported_from_media_libray\/thumb\/Les-ponts-de-Budapest-REP087_70996.jpg?bwg=1696942300\"                 data-width=\"500.00\"                 data-height=\"334.00\"                 alt=\"Les ponts de Budapest (REP087_70996)\"                 title=\"Les ponts de Budapest (REP087_70996)\" \/>                      <\/div>        <\/a>                <a  class=\"bwg-a bwg_lightbox bwg_lightbox_0\" href=\"https:\/\/photo-venturelli.com\/wp-content\/uploads\/photo-gallery\/imported_from_media_libray\/Marche-central-REP087_71530.jpg?bwg=1696942300\" data-image-id=\"692\" data-elementor-open-lightbox=\"no\">          <div class=\"bwg_mosaic_thumb_spun_0 bwg-item0 bwg-mosaic-thumb-span \">            <img decoding=\"async\" class=\"bwg_mosaic_thumb_0 skip-lazy bwg_img_clear bwg_img_custom \"                 id=\"692\"                 src=\"https:\/\/photo-venturelli.com\/wp-content\/uploads\/photo-gallery\/imported_from_media_libray\/thumb\/Marche-central-REP087_71530.jpg?bwg=1696942300\"                 data-src=\"https:\/\/photo-venturelli.com\/wp-content\/uploads\/photo-gallery\/imported_from_media_libray\/thumb\/Marche-central-REP087_71530.jpg?bwg=1696942300\"                 data-width=\"500.00\"                 data-height=\"334.00\"                 alt=\"March\u00e9 central (REP087_71530)\"                 title=\"March\u00e9 central (REP087_71530)\" \/>                      <\/div>        <\/a>                <a  class=\"bwg-a bwg_lightbox bwg_lightbox_0\" href=\"https:\/\/photo-venturelli.com\/wp-content\/uploads\/photo-gallery\/imported_from_media_libray\/Marche-central-REP087_71527.jpg?bwg=1696942300\" data-image-id=\"693\" data-elementor-open-lightbox=\"no\">          <div class=\"bwg_mosaic_thumb_spun_0 bwg-item0 bwg-mosaic-thumb-span \">            <img decoding=\"async\" class=\"bwg_mosaic_thumb_0 skip-lazy bwg_img_clear bwg_img_custom \"                 id=\"693\"                 src=\"https:\/\/photo-venturelli.com\/wp-content\/uploads\/photo-gallery\/imported_from_media_libray\/thumb\/Marche-central-REP087_71527.jpg?bwg=1696942300\"                 data-src=\"https:\/\/photo-venturelli.com\/wp-content\/uploads\/photo-gallery\/imported_from_media_libray\/thumb\/Marche-central-REP087_71527.jpg?bwg=1696942300\"                 data-width=\"500.00\"                 data-height=\"334.00\"                 alt=\"March\u00e9 central (REP087_71527)\"                 title=\"March\u00e9 central (REP087_71527)\" \/>                      <\/div>        <\/a>                <a  class=\"bwg-a bwg_lightbox bwg_lightbox_0\" href=\"https:\/\/photo-venturelli.com\/wp-content\/uploads\/photo-gallery\/imported_from_media_libray\/Les-ponts-de-Budapest-REP087_71244.jpg?bwg=1696942300\" data-image-id=\"694\" data-elementor-open-lightbox=\"no\">          <div class=\"bwg_mosaic_thumb_spun_0 bwg-item0 bwg-mosaic-thumb-span \">            <img decoding=\"async\" class=\"bwg_mosaic_thumb_0 skip-lazy bwg_img_clear bwg_img_custom \"                 id=\"694\"                 src=\"https:\/\/photo-venturelli.com\/wp-content\/uploads\/photo-gallery\/imported_from_media_libray\/thumb\/Les-ponts-de-Budapest-REP087_71244.jpg?bwg=1696942300\"                 data-src=\"https:\/\/photo-venturelli.com\/wp-content\/uploads\/photo-gallery\/imported_from_media_libray\/thumb\/Les-ponts-de-Budapest-REP087_71244.jpg?bwg=1696942300\"                 data-width=\"500.00\"                 data-height=\"334.00\"                 alt=\"Les ponts de Budapest (REP087_71244)\"                 title=\"Les ponts de Budapest (REP087_71244)\" \/>                      <\/div>        <\/a>                <a  class=\"bwg-a bwg_lightbox bwg_lightbox_0\" href=\"https:\/\/photo-venturelli.com\/wp-content\/uploads\/photo-gallery\/imported_from_media_libray\/Les-ponts-de-Budapest-REP087_71117.jpg?bwg=1696942300\" data-image-id=\"695\" data-elementor-open-lightbox=\"no\">          <div class=\"bwg_mosaic_thumb_spun_0 bwg-item0 bwg-mosaic-thumb-span \">            <img decoding=\"async\" class=\"bwg_mosaic_thumb_0 skip-lazy bwg_img_clear bwg_img_custom \"                 id=\"695\"                 src=\"https:\/\/photo-venturelli.com\/wp-content\/uploads\/photo-gallery\/imported_from_media_libray\/thumb\/Les-ponts-de-Budapest-REP087_71117.jpg?bwg=1696942300\"                 data-src=\"https:\/\/photo-venturelli.com\/wp-content\/uploads\/photo-gallery\/imported_from_media_libray\/thumb\/Les-ponts-de-Budapest-REP087_71117.jpg?bwg=1696942300\"                 data-width=\"500.00\"                 data-height=\"334.00\"                 alt=\"Les ponts de Budapest (REP087_71117)\"                 title=\"Les ponts de Budapest (REP087_71117)\" \/>                      <\/div>        <\/a>                <a  class=\"bwg-a bwg_lightbox bwg_lightbox_0\" href=\"https:\/\/photo-venturelli.com\/wp-content\/uploads\/photo-gallery\/imported_from_media_libray\/Le-Christ-Budapest-REP087_71081.jpg?bwg=1696942300\" data-image-id=\"700\" data-elementor-open-lightbox=\"no\">          <div class=\"bwg_mosaic_thumb_spun_0 bwg-item0 bwg-mosaic-thumb-span \">            <img decoding=\"async\" class=\"bwg_mosaic_thumb_0 skip-lazy bwg_img_clear bwg_img_custom \"                 id=\"700\"                 src=\"https:\/\/photo-venturelli.com\/wp-content\/uploads\/photo-gallery\/imported_from_media_libray\/thumb\/Le-Christ-Budapest-REP087_71081.jpg?bwg=1696942300\"                 data-src=\"https:\/\/photo-venturelli.com\/wp-content\/uploads\/photo-gallery\/imported_from_media_libray\/thumb\/Le-Christ-Budapest-REP087_71081.jpg?bwg=1696942300\"                 data-width=\"334.00\"                 data-height=\"500.00\"                 alt=\"Le Christ Budapest (REP087_71081)\"                 title=\"Le Christ Budapest (REP087_71081)\" \/>                      <\/div>        <\/a>                <a  class=\"bwg-a bwg_lightbox bwg_lightbox_0\" href=\"https:\/\/photo-venturelli.com\/wp-content\/uploads\/photo-gallery\/imported_from_media_libray\/Basilique-Saint-Etienne-de-Pest-REP087_71082.jpg?bwg=1696942300\" data-image-id=\"709\" data-elementor-open-lightbox=\"no\">          <div class=\"bwg_mosaic_thumb_spun_0 bwg-item0 bwg-mosaic-thumb-span \">            <img decoding=\"async\" class=\"bwg_mosaic_thumb_0 skip-lazy bwg_img_clear bwg_img_custom \"                 id=\"709\"                 src=\"https:\/\/photo-venturelli.com\/wp-content\/uploads\/photo-gallery\/imported_from_media_libray\/thumb\/Basilique-Saint-Etienne-de-Pest-REP087_71082.jpg?bwg=1696942300\"                 data-src=\"https:\/\/photo-venturelli.com\/wp-content\/uploads\/photo-gallery\/imported_from_media_libray\/thumb\/Basilique-Saint-Etienne-de-Pest-REP087_71082.jpg?bwg=1696942300\"                 data-width=\"500.00\"                 data-height=\"334.00\"                 alt=\"Basilique Saint-\u00c9tienne de Pest (REP087_71082)\"                 title=\"Basilique Saint-\u00c9tienne de Pest (REP087_71082)\" \/>                      <\/div>        <\/a>                <a  class=\"bwg-a bwg_lightbox bwg_lightbox_0\" href=\"https:\/\/photo-venturelli.com\/wp-content\/uploads\/photo-gallery\/imported_from_media_libray\/Leglise-de-Saint-Matthias-Budapest-Hongrie-REP087_71036.jpg?bwg=1696942300\" data-image-id=\"698\" data-elementor-open-lightbox=\"no\">          <div class=\"bwg_mosaic_thumb_spun_0 bwg-item0 bwg-mosaic-thumb-span \">            <img decoding=\"async\" class=\"bwg_mosaic_thumb_0 skip-lazy bwg_img_clear bwg_img_custom \"                 id=\"698\"                 src=\"https:\/\/photo-venturelli.com\/wp-content\/uploads\/photo-gallery\/imported_from_media_libray\/thumb\/Leglise-de-Saint-Matthias-Budapest-Hongrie-REP087_71036.jpg?bwg=1696942300\"                 data-src=\"https:\/\/photo-venturelli.com\/wp-content\/uploads\/photo-gallery\/imported_from_media_libray\/thumb\/Leglise-de-Saint-Matthias-Budapest-Hongrie-REP087_71036.jpg?bwg=1696942300\"                 data-width=\"500.00\"                 data-height=\"334.00\"                 alt=\"L&#039;\u00e9glise de Saint Matthias Budapest Hongrie (REP087_71036)\"                 title=\"L&#039;\u00e9glise de Saint Matthias Budapest Hongrie (REP087_71036)\" \/>                      <\/div>        <\/a>                <a  class=\"bwg-a bwg_lightbox bwg_lightbox_0\" href=\"https:\/\/photo-venturelli.com\/wp-content\/uploads\/photo-gallery\/imported_from_media_libray\/Leglise-de-Saint-Matthias-Budapest-Hongrie-REP087_71035.jpg?bwg=1696942300\" data-image-id=\"699\" data-elementor-open-lightbox=\"no\">          <div class=\"bwg_mosaic_thumb_spun_0 bwg-item0 bwg-mosaic-thumb-span \">            <img decoding=\"async\" class=\"bwg_mosaic_thumb_0 skip-lazy bwg_img_clear bwg_img_custom \"                 id=\"699\"                 src=\"https:\/\/photo-venturelli.com\/wp-content\/uploads\/photo-gallery\/imported_from_media_libray\/thumb\/Leglise-de-Saint-Matthias-Budapest-Hongrie-REP087_71035.jpg?bwg=1696942300\"                 data-src=\"https:\/\/photo-venturelli.com\/wp-content\/uploads\/photo-gallery\/imported_from_media_libray\/thumb\/Leglise-de-Saint-Matthias-Budapest-Hongrie-REP087_71035.jpg?bwg=1696942300\"                 data-width=\"500.00\"                 data-height=\"334.00\"                 alt=\"L&#039;\u00e9glise de Saint Matthias Budapest Hongrie (REP087_71035)\"                 title=\"L&#039;\u00e9glise de Saint Matthias Budapest Hongrie (REP087_71035)\" \/>                      <\/div>        <\/a>                <a  class=\"bwg-a bwg_lightbox bwg_lightbox_0\" href=\"https:\/\/photo-venturelli.com\/wp-content\/uploads\/photo-gallery\/imported_from_media_libray\/Interieur-De-Leglise-Saint-Matthias-Budapest-Hongrie-REP087_71075.jpg?bwg=1696942300\" data-image-id=\"701\" data-elementor-open-lightbox=\"no\">          <div class=\"bwg_mosaic_thumb_spun_0 bwg-item0 bwg-mosaic-thumb-span \">            <img decoding=\"async\" class=\"bwg_mosaic_thumb_0 skip-lazy bwg_img_clear bwg_img_custom \"                 id=\"701\"                 src=\"https:\/\/photo-venturelli.com\/wp-content\/uploads\/photo-gallery\/imported_from_media_libray\/thumb\/Interieur-De-Leglise-Saint-Matthias-Budapest-Hongrie-REP087_71075.jpg?bwg=1696942300\"                 data-src=\"https:\/\/photo-venturelli.com\/wp-content\/uploads\/photo-gallery\/imported_from_media_libray\/thumb\/Interieur-De-Leglise-Saint-Matthias-Budapest-Hongrie-REP087_71075.jpg?bwg=1696942300\"                 data-width=\"500.00\"                 data-height=\"334.00\"                 alt=\"Int\u00e9rieur De L&#039;\u00e9glise Saint Matthias Budapest Hongrie (REP087_71075)\"                 title=\"Int\u00e9rieur De L&#039;\u00e9glise Saint Matthias Budapest Hongrie (REP087_71075)\" \/>                      <\/div>        <\/a>                <a  class=\"bwg-a bwg_lightbox bwg_lightbox_0\" href=\"https:\/\/photo-venturelli.com\/wp-content\/uploads\/photo-gallery\/imported_from_media_libray\/Ile-Margit-Sziget-Budapest-REP087_71299.jpg?bwg=1696942300\" data-image-id=\"702\" data-elementor-open-lightbox=\"no\">          <div class=\"bwg_mosaic_thumb_spun_0 bwg-item0 bwg-mosaic-thumb-span \">            <img decoding=\"async\" class=\"bwg_mosaic_thumb_0 skip-lazy bwg_img_clear bwg_img_custom \"                 id=\"702\"                 src=\"https:\/\/photo-venturelli.com\/wp-content\/uploads\/photo-gallery\/imported_from_media_libray\/thumb\/Ile-Margit-Sziget-Budapest-REP087_71299.jpg?bwg=1696942300\"                 data-src=\"https:\/\/photo-venturelli.com\/wp-content\/uploads\/photo-gallery\/imported_from_media_libray\/thumb\/Ile-Margit-Sziget-Budapest-REP087_71299.jpg?bwg=1696942300\"                 data-width=\"500.00\"                 data-height=\"334.00\"                 alt=\"Ile Margit Sziget Budapest (REP087_71299)\"                 title=\"Ile Margit Sziget Budapest (REP087_71299)\" \/>                      <\/div>        <\/a>                <a  class=\"bwg-a bwg_lightbox bwg_lightbox_0\" href=\"https:\/\/photo-venturelli.com\/wp-content\/uploads\/photo-gallery\/imported_from_media_libray\/Ile-Margit-Sziget-Budapest-REP087_71245.jpg?bwg=1696942300\" data-image-id=\"703\" data-elementor-open-lightbox=\"no\">          <div class=\"bwg_mosaic_thumb_spun_0 bwg-item0 bwg-mosaic-thumb-span \">            <img decoding=\"async\" class=\"bwg_mosaic_thumb_0 skip-lazy bwg_img_clear bwg_img_custom \"                 id=\"703\"                 src=\"https:\/\/photo-venturelli.com\/wp-content\/uploads\/photo-gallery\/imported_from_media_libray\/thumb\/Ile-Margit-Sziget-Budapest-REP087_71245.jpg?bwg=1696942300\"                 data-src=\"https:\/\/photo-venturelli.com\/wp-content\/uploads\/photo-gallery\/imported_from_media_libray\/thumb\/Ile-Margit-Sziget-Budapest-REP087_71245.jpg?bwg=1696942300\"                 data-width=\"500.00\"                 data-height=\"334.00\"                 alt=\"Ile Margit Sziget Budapest (REP087_71245)\"                 title=\"Ile Margit Sziget Budapest (REP087_71245)\" \/>                      <\/div>        <\/a>                <a  class=\"bwg-a bwg_lightbox bwg_lightbox_0\" href=\"https:\/\/photo-venturelli.com\/wp-content\/uploads\/photo-gallery\/imported_from_media_libray\/Ile-Margit-Sziget-Budapest-REP087_-71134.jpg?bwg=1696942300\" data-image-id=\"704\" data-elementor-open-lightbox=\"no\">          <div class=\"bwg_mosaic_thumb_spun_0 bwg-item0 bwg-mosaic-thumb-span \">            <img decoding=\"async\" class=\"bwg_mosaic_thumb_0 skip-lazy bwg_img_clear bwg_img_custom \"                 id=\"704\"                 src=\"https:\/\/photo-venturelli.com\/wp-content\/uploads\/photo-gallery\/imported_from_media_libray\/thumb\/Ile-Margit-Sziget-Budapest-REP087_-71134.jpg?bwg=1696942300\"                 data-src=\"https:\/\/photo-venturelli.com\/wp-content\/uploads\/photo-gallery\/imported_from_media_libray\/thumb\/Ile-Margit-Sziget-Budapest-REP087_-71134.jpg?bwg=1696942300\"                 data-width=\"500.00\"                 data-height=\"334.00\"                 alt=\"Ile Margit Sziget Budapest (REP087_ 71134)\"                 title=\"Ile Margit Sziget Budapest (REP087_ 71134)\" \/>                      <\/div>        <\/a>                <a  class=\"bwg-a bwg_lightbox bwg_lightbox_0\" href=\"https:\/\/photo-venturelli.com\/wp-content\/uploads\/photo-gallery\/imported_from_media_libray\/Fabrication-du-kurtoskalacs-REP087_71373.jpg?bwg=1696942300\" data-image-id=\"705\" data-elementor-open-lightbox=\"no\">          <div class=\"bwg_mosaic_thumb_spun_0 bwg-item0 bwg-mosaic-thumb-span \">            <img decoding=\"async\" class=\"bwg_mosaic_thumb_0 skip-lazy bwg_img_clear bwg_img_custom \"                 id=\"705\"                 src=\"https:\/\/photo-venturelli.com\/wp-content\/uploads\/photo-gallery\/imported_from_media_libray\/thumb\/Fabrication-du-kurtoskalacs-REP087_71373.jpg?bwg=1696942300\"                 data-src=\"https:\/\/photo-venturelli.com\/wp-content\/uploads\/photo-gallery\/imported_from_media_libray\/thumb\/Fabrication-du-kurtoskalacs-REP087_71373.jpg?bwg=1696942300\"                 data-width=\"500.00\"                 data-height=\"334.00\"                 alt=\"Fabrication du k\u00fcrt\u0151skal\u00e1cs (REP087_71373)\"                 title=\"Fabrication du k\u00fcrt\u0151skal\u00e1cs (REP087_71373)\" \/>                      <\/div>        <\/a>                <a  class=\"bwg-a bwg_lightbox bwg_lightbox_0\" href=\"https:\/\/photo-venturelli.com\/wp-content\/uploads\/photo-gallery\/imported_from_media_libray\/En-allant-au-marche-REP087_71618.jpg?bwg=1696942300\" data-image-id=\"706\" data-elementor-open-lightbox=\"no\">          <div class=\"bwg_mosaic_thumb_spun_0 bwg-item0 bwg-mosaic-thumb-span \">            <img decoding=\"async\" class=\"bwg_mosaic_thumb_0 skip-lazy bwg_img_clear bwg_img_custom \"                 id=\"706\"                 src=\"https:\/\/photo-venturelli.com\/wp-content\/uploads\/photo-gallery\/imported_from_media_libray\/thumb\/En-allant-au-marche-REP087_71618.jpg?bwg=1696942300\"                 data-src=\"https:\/\/photo-venturelli.com\/wp-content\/uploads\/photo-gallery\/imported_from_media_libray\/thumb\/En-allant-au-marche-REP087_71618.jpg?bwg=1696942300\"                 data-width=\"500.00\"                 data-height=\"334.00\"                 alt=\"En allant au march\u00e9 (REP087_71618)\"                 title=\"En allant au march\u00e9 (REP087_71618)\" \/>                      <\/div>        <\/a>                <a  class=\"bwg-a bwg_lightbox bwg_lightbox_0\" href=\"https:\/\/photo-venturelli.com\/wp-content\/uploads\/photo-gallery\/imported_from_media_libray\/Deco-urbaine-REP087_71230.jpg?bwg=1696942300\" data-image-id=\"707\" data-elementor-open-lightbox=\"no\">          <div class=\"bwg_mosaic_thumb_spun_0 bwg-item0 bwg-mosaic-thumb-span \">            <img decoding=\"async\" class=\"bwg_mosaic_thumb_0 skip-lazy bwg_img_clear bwg_img_custom \"                 id=\"707\"                 src=\"https:\/\/photo-venturelli.com\/wp-content\/uploads\/photo-gallery\/imported_from_media_libray\/thumb\/Deco-urbaine-REP087_71230.jpg?bwg=1696942300\"                 data-src=\"https:\/\/photo-venturelli.com\/wp-content\/uploads\/photo-gallery\/imported_from_media_libray\/thumb\/Deco-urbaine-REP087_71230.jpg?bwg=1696942300\"                 data-width=\"500.00\"                 data-height=\"334.00\"                 alt=\"D\u00e9co urbaine (REP087_71230)\"                 title=\"D\u00e9co urbaine (REP087_71230)\" \/>                      <\/div>        <\/a>                <a  class=\"bwg-a bwg_lightbox bwg_lightbox_0\" href=\"https:\/\/photo-venturelli.com\/wp-content\/uploads\/photo-gallery\/imported_from_media_libray\/Deco-artistique-REP087_-71823.jpg?bwg=1696942300\" data-image-id=\"708\" data-elementor-open-lightbox=\"no\">          <div class=\"bwg_mosaic_thumb_spun_0 bwg-item0 bwg-mosaic-thumb-span \">            <img decoding=\"async\" class=\"bwg_mosaic_thumb_0 skip-lazy bwg_img_clear bwg_img_custom \"                 id=\"708\"                 src=\"https:\/\/photo-venturelli.com\/wp-content\/uploads\/photo-gallery\/imported_from_media_libray\/thumb\/Deco-artistique-REP087_-71823.jpg?bwg=1696942300\"                 data-src=\"https:\/\/photo-venturelli.com\/wp-content\/uploads\/photo-gallery\/imported_from_media_libray\/thumb\/Deco-artistique-REP087_-71823.jpg?bwg=1696942300\"                 data-width=\"500.00\"                 data-height=\"334.00\"                 alt=\"D\u00e9co artistique (REP087_ 71823)\"                 title=\"D\u00e9co artistique (REP087_ 71823)\" \/>                      <\/div>        <\/a>            <\/div>    <\/div>    <style>      \/*pagination styles*\/      #bwg_container1_0 #bwg_container2_0 .tablenav-pages_0 {\t\t\t\ttext-align: center;\t\t\t\tfont-size: 12px;\t\t\t\tfont-family: Ubuntu;\t\t\t\tfont-weight: bold;\t\t\t\tcolor: #666666;\t\t\t\tmargin: 6px 0 4px;\t\t\t\tdisplay: block;      }      @media only screen and (max-width : 320px) {      #bwg_container1_0 #bwg_container2_0 .displaying-num_0 {     \t display: none;      }      }      #bwg_container1_0 #bwg_container2_0 .displaying-num_0 {\t\t\t\tfont-size: 12px;\t\t\t\tfont-family: Ubuntu;\t\t\t\tfont-weight: bold;\t\t\t\tcolor: #666666;\t\t\t\tmargin-right: 10px;\t\t\t\tvertical-align: middle;      }      #bwg_container1_0 #bwg_container2_0 .paging-input_0 {\t\t\t\tfont-size: 12px;\t\t\t\tfont-family: Ubuntu;\t\t\t\tfont-weight: bold;\t\t\t\tcolor: #666666;\t\t\t\tvertical-align: middle;      }      #bwg_container1_0 #bwg_container2_0 .tablenav-pages_0 a.disabled,      #bwg_container1_0 #bwg_container2_0 .tablenav-pages_0 a.disabled:hover,      #bwg_container1_0 #bwg_container2_0 .tablenav-pages_0 a.disabled:focus,\t\t\t#bwg_container1_0 #bwg_container2_0 .tablenav-pages_0 input.bwg_current_page {\t\t\t\tcursor: default;\t\t\t\tcolor: rgba(102, 102, 102, 0.5);      }      #bwg_container1_0 #bwg_container2_0 .tablenav-pages_0 a,      #bwg_container1_0 #bwg_container2_0 .tablenav-pages_0 input.bwg_current_page {\t\t\t\tcursor: pointer;\t\t\t\ttext-align: center;\t\t\t\tfont-size: 12px;\t\t\t\tfont-family: Ubuntu;\t\t\t\tfont-weight: bold;\t\t\t\tcolor: #666666;\t\t\t\ttext-decoration: none;\t\t\t\tpadding: 3px 6px;\t\t\t\tmargin: 0;\t\t\t\tborder-radius: 0;\t\t\t\tborder-style: none;\t\t\t\tborder-width: 1px;\t\t\t\tborder-color: #E3E3E3;\t\t\t\t\t\t\t\tbackground-color: rgba(252, 252, 252, 1.00);\t\t\t\tbox-shadow: 0;\t\t\t\ttransition: all 0.3s ease 0s;-webkit-transition: all 0.3s ease 0s;      }      <\/style>      <span class=\"bwg_nav_cont_0\">              <div class=\"tablenav-pages_0\">                  <\/div>                <input type=\"hidden\" id=\"page_number_0\" name=\"page_number_0\" value=\"1\" \/>      <script type=\"text\/javascript\">        if( jQuery('.bwg_nav_cont_0').length > 1 ) {          jQuery('.bwg_nav_cont_0').first().remove()        }        function spider_page_0(cur, x, y, load_more) {          if (typeof load_more == \"undefined\") {            var load_more = false;          }          if (jQuery(cur).hasClass('disabled')) {            return false;          }          var items_county_0 = 1;          switch (y) {            case 1:              if (x >= items_county_0) {                document.getElementById('page_number_0').value = items_county_0;              }              else {                document.getElementById('page_number_0').value = x + 1;              }              break;            case 2:              document.getElementById('page_number_0').value = items_county_0;              break;            case -1:              if (x == 1) {                document.getElementById('page_number_0').value = 1;              }              else {                document.getElementById('page_number_0').value = x - 1;              }              break;            case -2:              document.getElementById('page_number_0').value = 1;              break;\t\t\t\t\t\tcase 0:              document.getElementById('page_number_0').value = x;              break;            default:              document.getElementById('page_number_0').value = 1;          }          bwg_ajax('gal_front_form_0', '0', 'bwg_thumbnails_mosaic_0', '0', '', 'gallery', 0, '', '', load_more, '', 1);        }                    jQuery('.first-page-0').on('click', function () {              spider_page_0(this, 1, -2, 'numeric');              return false;            });            jQuery('.prev-page-0').on('click', function () {              spider_page_0(this, 1, -1, 'numeric');              return false;            });            jQuery('.next-page-0').on('click', function () {              spider_page_0(this, 1, 1, 'numeric');              return false;            });            jQuery('.last-page-0').on('click', function () {              spider_page_0(this, 1, 2, 'numeric');              return false;            });        \t\t\t\t\/* Change page on input enter. *\/        function bwg_change_page_0( e, that ) {          if (  e.key == 'Enter' ) {            var to_page = parseInt(jQuery(that).val());            var pages_count = jQuery(that).parents(\".pagination-links\").data(\"pages-count\");            var current_url_param = jQuery(that).attr('data-url-info');            if (to_page > pages_count) {              to_page = 1;            }\t \t\t\t\t\t\t\t\t\t\t\t\tspider_page_0(this, to_page, 0, 'numeric');\t\t\t\t\t\t\treturn false;\t\t\t\t\t\t          }          return true;        }        jQuery('.bwg_load_btn_0').on('click', function () {            spider_page_0(this, 1, 1, true);            return false;        });      <\/script>      <\/span>                <\/div>        <\/form>        <style>          #bwg_container1_0 #bwg_container2_0 #spider_popup_overlay_0 {          background-color: #000000;          opacity: 0.70;          }          <\/style>        <div id=\"bwg_spider_popup_loading_0\" class=\"bwg_spider_popup_loading\"><\/div>        <div id=\"spider_popup_overlay_0\" class=\"spider_popup_overlay\" onclick=\"spider_destroypopup(1000)\"><\/div>        <input type=\"hidden\" id=\"bwg_random_seed_0\" value=\"1097477890\">                <\/div>    <\/div>    <script>      if (document.readyState === 'complete') {        if( typeof bwg_main_ready == 'function' ) {          if ( jQuery(\"#bwg_container1_0\").height() ) {            bwg_main_ready(jQuery(\"#bwg_container1_0\"));          }        }      } else {        document.addEventListener('DOMContentLoaded', function() {          if( typeof bwg_main_ready == 'function' ) {            if ( jQuery(\"#bwg_container1_0\").height() ) {             bwg_main_ready(jQuery(\"#bwg_container1_0\"));            }          }        });      }    <\/script>    \n","protected":false},"excerpt":{"rendered":"<p>Budapest &#8216;s history begins with its oldest city: Obuda, occupied by Celtic tribes until the Roman conquest in the 1st century BC. J.-C.<\/p>\n","protected":false},"author":4,"featured_media":6635,"comment_status":"closed","ping_status":"closed","sticky":false,"template":"","format":"standard","meta":{"_kad_post_transparent":"","_kad_post_title":"","_kad_post_layout":"","_kad_post_sidebar_id":"","_kad_post_content_style":"","_kad_post_vertical_padding":"","_kad_post_feature":"","_kad_post_feature_position":"","_kad_post_header":false,"_kad_post_footer":false,"_kad_post_classname":"","footnotes":""},"categories":[542],"tags":[781,778,777,782,780,779,783],"class_list":["post-10770","post","type-post","status-publish","format-standard","has-post-thumbnail","hentry","category-travel","tag-budapest-en","tag-danube-en","tag-hungary","tag-margit-sziget-en","tag-saint-matthias-en","tag-szechenyi-en","tag-vajdahunyad-en"],"_links":{"self":[{"href":"https:\/\/photo-venturelli.com\/en\/wp-json\/wp\/v2\/posts\/10770","targetHints":{"allow":["GET"]}}],"collection":[{"href":"https:\/\/photo-venturelli.com\/en\/wp-json\/wp\/v2\/posts"}],"about":[{"href":"https:\/\/photo-venturelli.com\/en\/wp-json\/wp\/v2\/types\/post"}],"author":[{"embeddable":true,"href":"https:\/\/photo-venturelli.com\/en\/wp-json\/wp\/v2\/users\/4"}],"replies":[{"embeddable":true,"href":"https:\/\/photo-venturelli.com\/en\/wp-json\/wp\/v2\/comments?post=10770"}],"version-history":[{"count":3,"href":"https:\/\/photo-venturelli.com\/en\/wp-json\/wp\/v2\/posts\/10770\/revisions"}],"predecessor-version":[{"id":10773,"href":"https:\/\/photo-venturelli.com\/en\/wp-json\/wp\/v2\/posts\/10770\/revisions\/10773"}],"wp:featuredmedia":[{"embeddable":true,"href":"https:\/\/photo-venturelli.com\/en\/wp-json\/wp\/v2\/media\/6635"}],"wp:attachment":[{"href":"https:\/\/photo-venturelli.com\/en\/wp-json\/wp\/v2\/media?parent=10770"}],"wp:term":[{"taxonomy":"category","embeddable":true,"href":"https:\/\/photo-venturelli.com\/en\/wp-json\/wp\/v2\/categories?post=10770"},{"taxonomy":"post_tag","embeddable":true,"href":"https:\/\/photo-venturelli.com\/en\/wp-json\/wp\/v2\/tags?post=10770"}],"curies":[{"name":"wp","href":"https:\/\/api.w.org\/{rel}","templated":true}]}}